{"id":9949,"date":"2018-12-20T12:44:33","date_gmt":"2018-12-20T11:44:33","guid":{"rendered":"http:\/\/oves-geeb.eus\/?p=9949"},"modified":"2018-12-20T12:48:13","modified_gmt":"2018-12-20T11:48:13","slug":"dia-internacional-de-la-discapacidad","status":"publish","type":"post","link":"https:\/\/oves-geeb.eus\/es\/dia-internacional-de-la-discapacidad\/","title":{"rendered":"D\u00eda Internacional de la Discapacidad"},"content":{"rendered":"<p>El pasado d\u00eda 3 de diciembre, se celebr\u00f3 el D\u00eda Internacional de la Discapacidad. En el marco de la celebraci\u00f3n de este d\u00eda, se llevo a cabo en Vitoria una jornada sobre el empleo p\u00fablico de las personas con discapacidad intelectual, en el cual se reunieron alrededor de un centenar de personas.<\/p>\n<p>En el acto, organizado por FEVAS y EHLABE, se analiz\u00f3 el paso adelante dado por la Administraci\u00f3n P\u00fablica, en colaboraci\u00f3n con las entidades del Tercer Sector, para promover el derecho al empleo p\u00fablico de las personas con discapacidad intelectual y la igualdad de oportunidades.<\/p>\n<p>En la jornada, que se celebr\u00f3 en el Palacio de Congresos Europa, participaron diversos agentes del sector y de las Administraciones P\u00fablicas, como Unai Serrano de Lantegi Batuak o Maite Barruetabe\u00f1a, T\u00e9cnica de la Diputaci\u00f3n Foral de Gipuzkoa, entre otros muchos.<\/p>\n<p>Fuente: FEVAS<\/p>\n","protected":false},"excerpt":{"rendered":"<p>El pasado d\u00eda 3 de diciembre, se celebr\u00f3 el D\u00eda Internacional de la Discapacidad. En el marco de la celebraci\u00f3n de este d\u00eda, se llevo a cabo en Vitoria una jornada sobre el empleo p\u00fablico de las personas con discapacidad intelectual, en el cual se reunieron alrededor de un centenar de personas. En el acto, &hellip; <a href=\"https:\/\/oves-geeb.eus\/es\/dia-internacional-de-la-discapacidad\/\">Continuar leyendo<\/a><\/p>\n","protected":false},"author":3,"featured_media":9946,"comment_status":"open","ping_status":"open","sticky":false,"template":"","format":"standard","meta":{"footnotes":""},"categories":[2],"tags":[],"class_list":["post-9949","post","type-post","status-publish","format-standard","has-post-thumbnail","hentry","category-sin-categorizar"],"acf":[],"_links":{"self":[{"href":"https:\/\/oves-geeb.eus\/es\/wp-json\/wp\/v2\/posts\/9949","targetHints":{"allow":["GET"]}}],"collection":[{"href":"https:\/\/oves-geeb.eus\/es\/wp-json\/wp\/v2\/posts"}],"about":[{"href":"https:\/\/oves-geeb.eus\/es\/wp-json\/wp\/v2\/types\/post"}],"author":[{"embeddable":true,"href":"https:\/\/oves-geeb.eus\/es\/wp-json\/wp\/v2\/users\/3"}],"replies":[{"embeddable":true,"href":"https:\/\/oves-geeb.eus\/es\/wp-json\/wp\/v2\/comments?post=9949"}],"version-history":[{"count":1,"href":"https:\/\/oves-geeb.eus\/es\/wp-json\/wp\/v2\/posts\/9949\/revisions"}],"predecessor-version":[{"id":9950,"href":"https:\/\/oves-geeb.eus\/es\/wp-json\/wp\/v2\/posts\/9949\/revisions\/9950"}],"wp:featuredmedia":[{"embeddable":true,"href":"https:\/\/oves-geeb.eus\/es\/wp-json\/wp\/v2\/media\/9946"}],"wp:attachment":[{"href":"https:\/\/oves-geeb.eus\/es\/wp-json\/wp\/v2\/media?parent=9949"}],"wp:term":[{"taxonomy":"category","embeddable":true,"href":"https:\/\/oves-geeb.eus\/es\/wp-json\/wp\/v2\/categories?post=9949"},{"taxonomy":"post_tag","embeddable":true,"href":"https:\/\/oves-geeb.eus\/es\/wp-json\/wp\/v2\/tags?post=9949"}],"curies":[{"name":"wp","href":"https:\/\/api.w.org\/{rel}","templated":true}]}}