{"id":8888,"date":"2018-03-27T00:00:00","date_gmt":"2018-03-26T22:00:00","guid":{"rendered":"http:\/\/oves-geeb.eus\/el-proyecto-geltoki-acercara-la-economia-solidaria-y-alternativa-a-toda-la-ciudadania-de-navarra-1145\/"},"modified":"2018-03-27T00:00:00","modified_gmt":"2018-03-26T22:00:00","slug":"el-proyecto-geltoki-acercara-la-economia-solidaria-y-alternativa-a-toda-la-ciudadania-de-navarra-1145","status":"publish","type":"post","link":"https:\/\/oves-geeb.eus\/es\/el-proyecto-geltoki-acercara-la-economia-solidaria-y-alternativa-a-toda-la-ciudadania-de-navarra-1145\/","title":{"rendered":"El Proyecto Geltoki acercar\u00e1 la econom\u00eda solidaria y alternativa a toda la ciudadan\u00eda de Navarra"},"content":{"rendered":"<p>Tras el acuerdo de la Junta de Gobierno Local del Ayuntamiento de Pamplona del pasado 6 de marzo en el que se adjudica la gesti&#xF3;n y &#xA0;explotaci&#xF3;n de la parte de la planta baja de la antigua estaci&#xF3;n de autobuses, contin&#xFA;an con el viaje del proyecto Geltoki. Un viaje que se inici&#xF3; hace poco m&#xE1;s de siete a&#xF1;os. Iniciativa de un grupo de entidades de REAS, que quer&#xED;a apostar por la difusi&#xF3;n de la econom&#xED;a solidaria, y hacerla llegar a la ciudadan&#xED;a de Pamplona y de toda Navarra.<\/p>\n<p>Geltoki Iru&#xF1;a es una Asociaci&#xF3;n formada por la Red de Econom&#xED;a Alternativa y Solidaria (<span style=\"text-decoration: underline;\">REAS<\/span>) Navarra, la Fundaci&#xF3;n <span style=\"text-decoration: underline;\">Traperos de Ema&#xFA;s<\/span>, el Consejo de la Producci&#xF3;n Agraria Ecol&#xF3;gica de Navarra (<span style=\"text-decoration: underline;\">CPAEN<\/span>), EuskalHerrikoNekazarienElkartasunaNafarroa (<span style=\"text-decoration: underline;\">EHNE Nafarroa<\/span>) y la Asociaci&#xF3;n de Elaboradores de <span style=\"text-decoration: underline;\">Alimentos Artesanos<\/span>.<\/p>\n<p>En este viaje, apuestan firmemente por convertir las viejas taquillas y cafeter&#xED;a de la antigua estaci&#xF3;n de autobuses, en un espacio donde poder visibilizar &#xA0;todas las realidades sociales y culturales que hoy conforman la Econom&#xED;a Solidaria. Una alternativa a una econom&#xED;a basada en el consumo y la explotaci&#xF3;n de los recursos naturales con la &#xFA;nica finalidad del beneficio individual de unos pocos. Una econom&#xED;a solidaria que ponga por delante a las personas, su crecimiento, su integraci&#xF3;n y su desarrollo, donde la sostenibilidad econ&#xF3;mica sea el medio para continuar desarrollando otro mundo posible.<\/p>\n<p>Quieren recuperar un espacio de la ciudad entra&#xF1;able, recordado y utilizado por todos y todas. Espacio de despedidas y de bienvenidas. De llegadas, paradas y salidas de muchas personas de toda Navarra. Y este es el sentido que les gustar&#xED;a pudiera seguir manteniendo esta iniciativa.<\/p>\n<p>Geltoki se presenta como una estaci&#xF3;n viva, un espacio en el que van a disfrutar de viajes de cercan&#xED;a, sue&#xF1;os convertidos en realidad y realidades que nunca han sido un sue&#xF1;o sino que son parte de sus vidas. Sue&#xF1;os que est&#xE1;n relacionados con lo que son y con lo que ser&#xE1;n en un futuro que quieren construir entre todas y todos.<\/p>\n<p>Hace ya siete a&#xF1;os, que a propuesta del grupo municipal socialista, se aprob&#xF3; una moci&#xF3;n en la que se instaba al Ayuntamiento a poner en marcha un proyecto de este tipo en la antigua estaci&#xF3;n de autobuses. Durante estos a&#xF1;os han seguido insistiendo para que esa moci&#xF3;n se convirtiera en la realidad que ahora se concreta. En esta legislatura, los grupos municipales que conforman el gobierno del Ayuntamiento han realizado una apuesta firme por esta iniciativa.<\/p>\n<p>Primero fue desde el Foro de econom&#xED;a solidaria y posteriormente con la inclusi&#xF3;n, en los presupuestos del pasado a&#xF1;o, de las obras de restauraci&#xF3;n de la estaci&#xF3;n y la posterior convocatoria del concurso para la gesti&#xF3;n las que han posibilitado que la pasada semana se haya aprobado por la Comisi&#xF3;n de Gobierno la concesi&#xF3;n de este espacio a la Asociaci&#xF3;n Geltoki Iru&#xF1;a. Toca ahora abrirla y convertirla en un lugar de encuentro para potenciar todo tipo de iniciativas alternativas.&#xA0;<\/p>\n<p>Fuente: REAS<\/p>\n","protected":false},"excerpt":{"rendered":"<p>Tras el acuerdo de la Junta de Gobierno Local del Ayuntamiento de Pamplona del pasado 6 de marzo en el que se adjudica la gesti&#xF3;n y &#xA0;explotaci&#xF3;n de la parte de la planta baja de la antigua estaci&#xF3;n de autobuses, contin&#xFA;an con el viaje del proyecto Geltoki. Un viaje que se inici&#xF3; hace poco m&#xE1;s &hellip; <a href=\"https:\/\/oves-geeb.eus\/es\/el-proyecto-geltoki-acercara-la-economia-solidaria-y-alternativa-a-toda-la-ciudadania-de-navarra-1145\/\">Continuar leyendo<\/a><\/p>\n","protected":false},"author":2,"featured_media":8889,"comment_status":"open","ping_status":"open","sticky":false,"template":"","format":"standard","meta":{"footnotes":""},"categories":[1],"tags":[],"class_list":["post-8888","post","type-post","status-publish","format-standard","has-post-thumbnail","hentry","category-kategoriarik-gabe"],"acf":[],"_links":{"self":[{"href":"https:\/\/oves-geeb.eus\/es\/wp-json\/wp\/v2\/posts\/8888","targetHints":{"allow":["GET"]}}],"collection":[{"href":"https:\/\/oves-geeb.eus\/es\/wp-json\/wp\/v2\/posts"}],"about":[{"href":"https:\/\/oves-geeb.eus\/es\/wp-json\/wp\/v2\/types\/post"}],"author":[{"embeddable":true,"href":"https:\/\/oves-geeb.eus\/es\/wp-json\/wp\/v2\/users\/2"}],"replies":[{"embeddable":true,"href":"https:\/\/oves-geeb.eus\/es\/wp-json\/wp\/v2\/comments?post=8888"}],"version-history":[{"count":0,"href":"https:\/\/oves-geeb.eus\/es\/wp-json\/wp\/v2\/posts\/8888\/revisions"}],"wp:featuredmedia":[{"embeddable":true,"href":"https:\/\/oves-geeb.eus\/es\/wp-json\/wp\/v2\/media\/8889"}],"wp:attachment":[{"href":"https:\/\/oves-geeb.eus\/es\/wp-json\/wp\/v2\/media?parent=8888"}],"wp:term":[{"taxonomy":"category","embeddable":true,"href":"https:\/\/oves-geeb.eus\/es\/wp-json\/wp\/v2\/categories?post=8888"},{"taxonomy":"post_tag","embeddable":true,"href":"https:\/\/oves-geeb.eus\/es\/wp-json\/wp\/v2\/tags?post=8888"}],"curies":[{"name":"wp","href":"https:\/\/api.w.org\/{rel}","templated":true}]}}