{"id":8848,"date":"2018-02-28T00:00:00","date_gmt":"2018-02-27T23:00:00","guid":{"rendered":"http:\/\/oves-geeb.eus\/el-4-de-marzo-se-celebrara-en-baiona-el-eusko-eguna-5-antildeos-despues-de-su-creacion-1134\/"},"modified":"2018-02-28T00:00:00","modified_gmt":"2018-02-27T23:00:00","slug":"el-4-de-marzo-se-celebrara-en-baiona-el-eusko-eguna-5-antildeos-despues-de-su-creacion-1134","status":"publish","type":"post","link":"https:\/\/oves-geeb.eus\/es\/el-4-de-marzo-se-celebrara-en-baiona-el-eusko-eguna-5-antildeos-despues-de-su-creacion-1134\/","title":{"rendered":"El 4 de marzo se celebrar\u00e1 en Baiona el Eusko eguna, 5 a\u00f1os despu\u00e9s de su creaci\u00f3n"},"content":{"rendered":"<p>El Eusko es la moneda local, solidaria y ecol&#xF3;gica de Ipar Euskal Herria. Goza de gran apoyo entre la poblaci&#xF3;n y las instituciones locales.<\/p>\n<p>El director de la asociaci&#xF3;n Eusko, Dante Edme-Sanjurjo, cree que el &#xE9;xito del Eusko viene del hecho de que el Eusko realiza &#x201C;un trabajo de puente entre diferentes sectores de la sociedad entorno a un proyecto com&#xFA;n. As&#xED;, unas 3.000 personas particulares y 700 establecimientos, agricultorxs, asociaciones, etc. utilizan el eusko en el d&#xED;a a d&#xED;a&#x201D;.<\/p>\n<p>Cabe destacar que algunas administraciones locales del territorio apoyan (y son socias) la moneda local, como son los ayuntamientos de Hendaia, Uztaritze, Lekorne, Baiona y Bastida. Ello tambi&#xE9;n es de gran ayuda para que la moneda local siga avanzando y extendi&#xE9;ndose en la vida social del territorio.<\/p>\n<p>Por &#xFA;ltimo, tambi&#xE9;n cabe mencionar que se extendi&#xF3; la posibilidad de uso del Eusko a aquellas personas que viven fuera de Ipar Euskal Herria, dirigida sobre todo a quienes acuden a visitar el territorio, con idea de adentrarse en un turismo alejado de los circuitos convencionales y apoyar el Eusko.<\/p>\n<p>Fuente: Euskal Moneta, Enbata<\/p>\n","protected":false},"excerpt":{"rendered":"<p>El Eusko es la moneda local, solidaria y ecol&#xF3;gica de Ipar Euskal Herria. Goza de gran apoyo entre la poblaci&#xF3;n y las instituciones locales. El director de la asociaci&#xF3;n Eusko, Dante Edme-Sanjurjo, cree que el &#xE9;xito del Eusko viene del hecho de que el Eusko realiza &#x201C;un trabajo de puente entre diferentes sectores de la &hellip; <a href=\"https:\/\/oves-geeb.eus\/es\/el-4-de-marzo-se-celebrara-en-baiona-el-eusko-eguna-5-antildeos-despues-de-su-creacion-1134\/\">Continuar leyendo<\/a><\/p>\n","protected":false},"author":2,"featured_media":8849,"comment_status":"open","ping_status":"open","sticky":false,"template":"","format":"standard","meta":{"footnotes":""},"categories":[1],"tags":[],"class_list":["post-8848","post","type-post","status-publish","format-standard","has-post-thumbnail","hentry","category-kategoriarik-gabe"],"acf":[],"_links":{"self":[{"href":"https:\/\/oves-geeb.eus\/es\/wp-json\/wp\/v2\/posts\/8848","targetHints":{"allow":["GET"]}}],"collection":[{"href":"https:\/\/oves-geeb.eus\/es\/wp-json\/wp\/v2\/posts"}],"about":[{"href":"https:\/\/oves-geeb.eus\/es\/wp-json\/wp\/v2\/types\/post"}],"author":[{"embeddable":true,"href":"https:\/\/oves-geeb.eus\/es\/wp-json\/wp\/v2\/users\/2"}],"replies":[{"embeddable":true,"href":"https:\/\/oves-geeb.eus\/es\/wp-json\/wp\/v2\/comments?post=8848"}],"version-history":[{"count":0,"href":"https:\/\/oves-geeb.eus\/es\/wp-json\/wp\/v2\/posts\/8848\/revisions"}],"wp:featuredmedia":[{"embeddable":true,"href":"https:\/\/oves-geeb.eus\/es\/wp-json\/wp\/v2\/media\/8849"}],"wp:attachment":[{"href":"https:\/\/oves-geeb.eus\/es\/wp-json\/wp\/v2\/media?parent=8848"}],"wp:term":[{"taxonomy":"category","embeddable":true,"href":"https:\/\/oves-geeb.eus\/es\/wp-json\/wp\/v2\/categories?post=8848"},{"taxonomy":"post_tag","embeddable":true,"href":"https:\/\/oves-geeb.eus\/es\/wp-json\/wp\/v2\/tags?post=8848"}],"curies":[{"name":"wp","href":"https:\/\/api.w.org\/{rel}","templated":true}]}}