{"id":8376,"date":"2017-03-31T00:00:00","date_gmt":"2017-03-30T22:00:00","guid":{"rendered":"http:\/\/oves-geeb.eus\/las-cooperativas-de-ensentildeanza-y-fundacion-once-trabajaran-juntas-por-la-inclusion-social-y-educativa-de-las-personas-con-discapacidad-942\/"},"modified":"2017-03-31T00:00:00","modified_gmt":"2017-03-30T22:00:00","slug":"las-cooperativas-de-ensentildeanza-y-fundacion-once-trabajaran-juntas-por-la-inclusion-social-y-educativa-de-las-personas-con-discapacidad-942","status":"publish","type":"post","link":"https:\/\/oves-geeb.eus\/es\/las-cooperativas-de-ensentildeanza-y-fundacion-once-trabajaran-juntas-por-la-inclusion-social-y-educativa-de-las-personas-con-discapacidad-942\/","title":{"rendered":"Las cooperativas de ense\u00f1anza y Fundaci\u00f3n ONCE trabajar\u00e1n juntas por la inclusi\u00f3n social y educativa de las personas con discapacidad"},"content":{"rendered":"<p>La Uni&#xF3;n Espa&#xF1;ola de Cooperativas de Ense&#xF1;anza (UECOE) y Fundaci&#xF3;n ONCE trabajar&#xE1;n juntas en la b&#xFA;squeda de ideas innovadoras que favorezcan la inclusi&#xF3;n social y educativa de las personas con discapacidad, tal y como se desprende del acuerdo marco de alianzas suscrito este martes, 21 de marzo, por las dos entidades.<\/p>\n<p>Ambas entidades afirman compartir valores tales como la promoci&#xF3;n de la solidaridad interna y con la sociedad que favorezca el compromiso con la igualdad de oportunidades entre hombres y mujeres, la cohesi&#xF3;n social, la inserci&#xF3;n de personas en riesgo de exclusi&#xF3;n social, significativamente la de las personas con discapacidad, la generaci&#xF3;n de empleo estable y de calidad, la conciliaci&#xF3;n de la vida personal, familiar y laboral, y la sostenibilidad.&#xA0;<\/p>\n<p>&#xA0;<\/p>\n<p>Fuente: Ciriec<\/p>\n<p>&#xA0;<\/p>\n","protected":false},"excerpt":{"rendered":"<p>La Uni&#xF3;n Espa&#xF1;ola de Cooperativas de Ense&#xF1;anza (UECOE) y Fundaci&#xF3;n ONCE trabajar&#xE1;n juntas en la b&#xFA;squeda de ideas innovadoras que favorezcan la inclusi&#xF3;n social y educativa de las personas con discapacidad, tal y como se desprende del acuerdo marco de alianzas suscrito este martes, 21 de marzo, por las dos entidades. Ambas entidades afirman compartir &hellip; <a href=\"https:\/\/oves-geeb.eus\/es\/las-cooperativas-de-ensentildeanza-y-fundacion-once-trabajaran-juntas-por-la-inclusion-social-y-educativa-de-las-personas-con-discapacidad-942\/\">Continuar leyendo<\/a><\/p>\n","protected":false},"author":2,"featured_media":8377,"comment_status":"open","ping_status":"open","sticky":false,"template":"","format":"standard","meta":{"footnotes":""},"categories":[1],"tags":[],"class_list":["post-8376","post","type-post","status-publish","format-standard","has-post-thumbnail","hentry","category-kategoriarik-gabe"],"acf":[],"_links":{"self":[{"href":"https:\/\/oves-geeb.eus\/es\/wp-json\/wp\/v2\/posts\/8376","targetHints":{"allow":["GET"]}}],"collection":[{"href":"https:\/\/oves-geeb.eus\/es\/wp-json\/wp\/v2\/posts"}],"about":[{"href":"https:\/\/oves-geeb.eus\/es\/wp-json\/wp\/v2\/types\/post"}],"author":[{"embeddable":true,"href":"https:\/\/oves-geeb.eus\/es\/wp-json\/wp\/v2\/users\/2"}],"replies":[{"embeddable":true,"href":"https:\/\/oves-geeb.eus\/es\/wp-json\/wp\/v2\/comments?post=8376"}],"version-history":[{"count":0,"href":"https:\/\/oves-geeb.eus\/es\/wp-json\/wp\/v2\/posts\/8376\/revisions"}],"wp:featuredmedia":[{"embeddable":true,"href":"https:\/\/oves-geeb.eus\/es\/wp-json\/wp\/v2\/media\/8377"}],"wp:attachment":[{"href":"https:\/\/oves-geeb.eus\/es\/wp-json\/wp\/v2\/media?parent=8376"}],"wp:term":[{"taxonomy":"category","embeddable":true,"href":"https:\/\/oves-geeb.eus\/es\/wp-json\/wp\/v2\/categories?post=8376"},{"taxonomy":"post_tag","embeddable":true,"href":"https:\/\/oves-geeb.eus\/es\/wp-json\/wp\/v2\/tags?post=8376"}],"curies":[{"name":"wp","href":"https:\/\/api.w.org\/{rel}","templated":true}]}}