{"id":7964,"date":"2016-07-28T00:00:00","date_gmt":"2016-07-27T22:00:00","guid":{"rendered":"http:\/\/oves-geeb.eus\/el-cese-organizo-el-1-de-julio-el-primer-dia-europeo-de-las-empresas-de-economia-social-797\/"},"modified":"2016-07-28T00:00:00","modified_gmt":"2016-07-27T22:00:00","slug":"el-cese-organizo-el-1-de-julio-el-primer-dia-europeo-de-las-empresas-de-economia-social-797","status":"publish","type":"post","link":"https:\/\/oves-geeb.eus\/es\/el-cese-organizo-el-1-de-julio-el-primer-dia-europeo-de-las-empresas-de-economia-social-797\/","title":{"rendered":"El CESE organiz\u00f3 el 1 de julio el primer d\u00eda europeo de las Empresas de Econom\u00eda Social"},"content":{"rendered":"<p>El evento se celebr&#xF3; bajo el lema <em>Desde las palabras a la acci&#xF3;n!<\/em> y reuni&#xF3; a los socios institucionales del CESE, as&#xED; como a varios grupos de inter&#xE9;s con el fin de tener una visi&#xF3;n m&#xE1;s completa de la situaci&#xF3;n, crear sinergias y discutir las pr&#xF3;ximas medidas y las acciones a tomar con el fin de sacar todo el potencial del sector.<\/p>\n<p>La Conferencia la abri&#xF3; Michael Smyth, vicepresidente del Comit&#xE9; Econ&#xF3;mico y Social de Europa, que subray&#xF3; la importancia de tener un plan de acci&#xF3;n para las empresas de econom&#xED;a social y la necesidad de cooperar entre las instituciones y el sector.<\/p>\n<p>La econom&#xED;a social en estos momentos emplea a 14 millones de personas en la Uni&#xF3;n Europea, y ha resistido mejor los tiempos de crisis que otras formas de hacer econom&#xED;a.<\/p>\n<p>Fuente: <span style=\"color: #000000;\"><a href=\"http:\/\/www.eesc.europa.eu\"><span style=\"color: #000000;\">www.eesc.europa.eu<\/span><\/a><\/span><\/p>\n","protected":false},"excerpt":{"rendered":"<p>El evento se celebr&#xF3; bajo el lema Desde las palabras a la acci&#xF3;n! y reuni&#xF3; a los socios institucionales del CESE, as&#xED; como a varios grupos de inter&#xE9;s con el fin de tener una visi&#xF3;n m&#xE1;s completa de la situaci&#xF3;n, crear sinergias y discutir las pr&#xF3;ximas medidas y las acciones a tomar con el fin &hellip; <a href=\"https:\/\/oves-geeb.eus\/es\/el-cese-organizo-el-1-de-julio-el-primer-dia-europeo-de-las-empresas-de-economia-social-797\/\">Continuar leyendo<\/a><\/p>\n","protected":false},"author":2,"featured_media":7965,"comment_status":"open","ping_status":"open","sticky":false,"template":"","format":"standard","meta":{"footnotes":""},"categories":[1],"tags":[],"class_list":["post-7964","post","type-post","status-publish","format-standard","has-post-thumbnail","hentry","category-kategoriarik-gabe"],"acf":[],"_links":{"self":[{"href":"https:\/\/oves-geeb.eus\/es\/wp-json\/wp\/v2\/posts\/7964","targetHints":{"allow":["GET"]}}],"collection":[{"href":"https:\/\/oves-geeb.eus\/es\/wp-json\/wp\/v2\/posts"}],"about":[{"href":"https:\/\/oves-geeb.eus\/es\/wp-json\/wp\/v2\/types\/post"}],"author":[{"embeddable":true,"href":"https:\/\/oves-geeb.eus\/es\/wp-json\/wp\/v2\/users\/2"}],"replies":[{"embeddable":true,"href":"https:\/\/oves-geeb.eus\/es\/wp-json\/wp\/v2\/comments?post=7964"}],"version-history":[{"count":0,"href":"https:\/\/oves-geeb.eus\/es\/wp-json\/wp\/v2\/posts\/7964\/revisions"}],"wp:featuredmedia":[{"embeddable":true,"href":"https:\/\/oves-geeb.eus\/es\/wp-json\/wp\/v2\/media\/7965"}],"wp:attachment":[{"href":"https:\/\/oves-geeb.eus\/es\/wp-json\/wp\/v2\/media?parent=7964"}],"wp:term":[{"taxonomy":"category","embeddable":true,"href":"https:\/\/oves-geeb.eus\/es\/wp-json\/wp\/v2\/categories?post=7964"},{"taxonomy":"post_tag","embeddable":true,"href":"https:\/\/oves-geeb.eus\/es\/wp-json\/wp\/v2\/tags?post=7964"}],"curies":[{"name":"wp","href":"https:\/\/api.w.org\/{rel}","templated":true}]}}