{"id":7758,"date":"2015-06-30T00:00:00","date_gmt":"2015-06-29T22:00:00","guid":{"rendered":"http:\/\/oves-geeb.eus\/la-participacion-de-los-trabajadores-en-la-gestion-de-la-empresa-evitaria-la-fuga-de-talentos-579\/"},"modified":"2015-06-30T00:00:00","modified_gmt":"2015-06-29T22:00:00","slug":"la-participacion-de-los-trabajadores-en-la-gestion-de-la-empresa-evitaria-la-fuga-de-talentos-579","status":"publish","type":"post","link":"https:\/\/oves-geeb.eus\/es\/la-participacion-de-los-trabajadores-en-la-gestion-de-la-empresa-evitaria-la-fuga-de-talentos-579\/","title":{"rendered":"La participaci\u00f3n de los trabajadores en la gesti\u00f3n de la empresa evitar\u00eda la fuga de talentos"},"content":{"rendered":"<p>La Agrupaci&#xF3;n de Sociedades Laborales de Euskadi, ASLE, hace un llamamiento a las empresas vascas para fomentar la participaci&#xF3;n de los trabajadores en la gesti&#xF3;n con el objetivo de evitar la fuga de talentos, uno de los grandes males de la econom&#xED;a vasca actual.<\/p>\n<p>El gerente de ASLE, Josetxo Hern&#xE1;ndez sostiene que la fuga de talentos de las empresas afecta claramente a su propio desarrollo, a la necesidad de innovaci&#xF3;n, y en definitiva, a su competitividad. La participaci&#xF3;n de los trabajadores, tanto en la gesti&#xF3;n como en el capital de la empresa, promueve valores como &#x201C;el compromiso, la flexibilidad, la cohesi&#xF3;n social, la estabilidad laboral, la identificaci&#xF3;n con la empresa y el dinamismo&#x201D;, analiza Hern&#xE1;ndez.<\/p>\n<p>&#x201C;En las sociedades laborales, en las que los trabajadores son socios de sus empresas, por ejemplo, hemos demostrado que nuestro comportamiento ante la crisis es mejor que el del resto de empresas&#x201D;. Las sociedades laborales vascas, de hecho, obtuvieron en 2014 un notable crecimiento, tanto en el empleo, con una subida del 2,7%, como en la facturaci&#xF3;n, del 3,2%.<\/p>\n<p>En este sentido, seg&#xFA;n los responsables de ASLE, existen diferentes herramientas para fomentar la participaci&#xF3;n de los trabajadores en la empresa. Entre ellos, el Gobierno Vasco, ha puesto en marcha el &#x201C;Programa Innobideak Pertsonak&#x201D;, que busca promover esa participaci&#xF3;n de los trabajadores, tanto en la gesti&#xF3;n como en el accionariado empresarial.<\/p>\n<p>Fuente: ASLE<\/p>\n<p>&#xA0;<\/p>\n","protected":false},"excerpt":{"rendered":"<p>La Agrupaci&#xF3;n de Sociedades Laborales de Euskadi, ASLE, hace un llamamiento a las empresas vascas para fomentar la participaci&#xF3;n de los trabajadores en la gesti&#xF3;n con el objetivo de evitar la fuga de talentos, uno de los grandes males de la econom&#xED;a vasca actual. El gerente de ASLE, Josetxo Hern&#xE1;ndez sostiene que la fuga de &hellip; <a href=\"https:\/\/oves-geeb.eus\/es\/la-participacion-de-los-trabajadores-en-la-gestion-de-la-empresa-evitaria-la-fuga-de-talentos-579\/\">Continuar leyendo<\/a><\/p>\n","protected":false},"author":2,"featured_media":7759,"comment_status":"open","ping_status":"open","sticky":false,"template":"","format":"standard","meta":{"footnotes":""},"categories":[1],"tags":[],"class_list":["post-7758","post","type-post","status-publish","format-standard","has-post-thumbnail","hentry","category-kategoriarik-gabe"],"acf":[],"_links":{"self":[{"href":"https:\/\/oves-geeb.eus\/es\/wp-json\/wp\/v2\/posts\/7758","targetHints":{"allow":["GET"]}}],"collection":[{"href":"https:\/\/oves-geeb.eus\/es\/wp-json\/wp\/v2\/posts"}],"about":[{"href":"https:\/\/oves-geeb.eus\/es\/wp-json\/wp\/v2\/types\/post"}],"author":[{"embeddable":true,"href":"https:\/\/oves-geeb.eus\/es\/wp-json\/wp\/v2\/users\/2"}],"replies":[{"embeddable":true,"href":"https:\/\/oves-geeb.eus\/es\/wp-json\/wp\/v2\/comments?post=7758"}],"version-history":[{"count":0,"href":"https:\/\/oves-geeb.eus\/es\/wp-json\/wp\/v2\/posts\/7758\/revisions"}],"wp:featuredmedia":[{"embeddable":true,"href":"https:\/\/oves-geeb.eus\/es\/wp-json\/wp\/v2\/media\/7759"}],"wp:attachment":[{"href":"https:\/\/oves-geeb.eus\/es\/wp-json\/wp\/v2\/media?parent=7758"}],"wp:term":[{"taxonomy":"category","embeddable":true,"href":"https:\/\/oves-geeb.eus\/es\/wp-json\/wp\/v2\/categories?post=7758"},{"taxonomy":"post_tag","embeddable":true,"href":"https:\/\/oves-geeb.eus\/es\/wp-json\/wp\/v2\/tags?post=7758"}],"curies":[{"name":"wp","href":"https:\/\/api.w.org\/{rel}","templated":true}]}}