{"id":7142,"date":"2015-12-17T00:00:00","date_gmt":"2015-12-16T23:00:00","guid":{"rendered":"http:\/\/oves-geeb.eus\/asle-reconoce-la-labor-del-padre-antonio-polo-en-el-ambito-de-la-economia-social-otorgandole-el-premio-txemi-cantera-2015-657\/"},"modified":"2015-12-17T00:00:00","modified_gmt":"2015-12-16T23:00:00","slug":"asle-reconoce-la-labor-del-padre-antonio-polo-en-el-ambito-de-la-economia-social-otorgandole-el-premio-txemi-cantera-2015-657","status":"publish","type":"post","link":"https:\/\/oves-geeb.eus\/es\/asle-reconoce-la-labor-del-padre-antonio-polo-en-el-ambito-de-la-economia-social-otorgandole-el-premio-txemi-cantera-2015-657\/","title":{"rendered":"ASLE reconoce la labor del padre Antonio Polo en el \u00e1mbito de la Econom\u00eda Social otorg\u00e1ndole el premio Txemi Cantera 2015"},"content":{"rendered":"<p>El pasado 26 de noviembre ASLE entreg&#xF3; el XXV Internacional de Econom&#xED;a Social Txemi Cantera al padre Antonio Polo, afincado desde 1970 en el pueblo ecuatoriano de Salinas de Guaranda, en la provincia de Bol&#xED;var, donde ha ayudado a crear cientos de peque&#xF1;as empresas, siempre pensando en la econom&#xED;a local y la poblaci&#xF3;n ind&#xED;gena.<\/p>\n<p>El Premio Internacional &#x2018;Txemi Cantera&#x2019;, que ASLE otorga desde 1991, busca reconocer a personas, empresas e instituciones de todo el mundo que m&#xE1;s se han significado en la defensa y promoci&#xF3;n de los principios que identifican a la econom&#xED;a social, como la participaci&#xF3;n, la democracia y la solidaridad. As&#xED;, desde su constituci&#xF3;n, empresas y particulares de todo el mundo han visto reconocida su labor, convirti&#xE9;ndose el galard&#xF3;n en este tiempo en una referencia internacional dentro de la econom&#xED;a social. El premio &#x2018;Txemi Cantera&#x2019; recuerda desde hace 25 a&#xF1;os a Jos&#xE9; Miguel Cantera Sojo, &#x2018;Txemi&#x2019;, que fue economista, asesor de ASLE, experto en Planificaci&#xF3;n Estrat&#xE9;gica y &#x201C;un aut&#xE9;ntico l&#xED;der comprometido socialmente, que entendi&#xF3; desde siempre que la vida no es s&#xF3;lo cultivar tu parcela, sino ayudar a cultivar las parcelas ajenas&#x201D;, como evocaba Josetxo Hern&#xE1;ndez.<\/p>\n<p>En esta ocasi&#xF3;n, el jurado de los &#x2018;Txemi Cantera&#x2019; puso en valor el trabajo del padre Polo, &#x201C;por toda una vida al servicio de la poblaci&#xF3;n ind&#xED;gena, promoviendo el desarrollo humano a trav&#xE9;s de facilitar la independencia econ&#xF3;mica en proyectos de microempresas&#x201D;. La ciudad de Guaranda, con unos 10.000 habitantes &#x2013;el 85% ind&#xED;gena- es uno de los pueblos m&#xE1;s pr&#xF3;speros del cant&#xF3;n de Guaranda, ya que se ha convertido en un ejemplo de iniciativas comunitarias. La producci&#xF3;n de quesos de gran calidad, apreciados en los mercados europeos, adem&#xE1;s de dulces, embutidos, hongos o mermeladas, permite que las m&#xE1;s de 50 microempresas constituidas de la zona facturen alrededor de 220.000 d&#xF3;lares estadounidenses anuales. En esta coyuntura, el padre Polo, de origen italiano, es una referencia tanto en la provincia de Bol&#xED;var, como todo Ecuador y Sudam&#xE9;rica y, hoy d&#xED;a, sigue trabajando para promover la econom&#xED;a de Salinas de Guaranda y sus habitantes por medio del emprendimiento, la organizaci&#xF3;n en el trabajo y la apertura de productos aut&#xF3;ctonos hacia un mercado global.<\/p>\n<p>Fuente: ASLE<\/p>\n<p>&#xA0;<\/p>\n","protected":false},"excerpt":{"rendered":"<p>El pasado 26 de noviembre ASLE entreg&#xF3; el XXV Internacional de Econom&#xED;a Social Txemi Cantera al padre Antonio Polo, afincado desde 1970 en el pueblo ecuatoriano de Salinas de Guaranda, en la provincia de Bol&#xED;var, donde ha ayudado a crear cientos de peque&#xF1;as empresas, siempre pensando en la econom&#xED;a local y la poblaci&#xF3;n ind&#xED;gena. El &hellip; <a href=\"https:\/\/oves-geeb.eus\/es\/asle-reconoce-la-labor-del-padre-antonio-polo-en-el-ambito-de-la-economia-social-otorgandole-el-premio-txemi-cantera-2015-657\/\">Continuar leyendo<\/a><\/p>\n","protected":false},"author":2,"featured_media":7143,"comment_status":"open","ping_status":"open","sticky":false,"template":"","format":"standard","meta":{"footnotes":""},"categories":[1],"tags":[],"class_list":["post-7142","post","type-post","status-publish","format-standard","has-post-thumbnail","hentry","category-kategoriarik-gabe"],"acf":[],"_links":{"self":[{"href":"https:\/\/oves-geeb.eus\/es\/wp-json\/wp\/v2\/posts\/7142","targetHints":{"allow":["GET"]}}],"collection":[{"href":"https:\/\/oves-geeb.eus\/es\/wp-json\/wp\/v2\/posts"}],"about":[{"href":"https:\/\/oves-geeb.eus\/es\/wp-json\/wp\/v2\/types\/post"}],"author":[{"embeddable":true,"href":"https:\/\/oves-geeb.eus\/es\/wp-json\/wp\/v2\/users\/2"}],"replies":[{"embeddable":true,"href":"https:\/\/oves-geeb.eus\/es\/wp-json\/wp\/v2\/comments?post=7142"}],"version-history":[{"count":0,"href":"https:\/\/oves-geeb.eus\/es\/wp-json\/wp\/v2\/posts\/7142\/revisions"}],"wp:featuredmedia":[{"embeddable":true,"href":"https:\/\/oves-geeb.eus\/es\/wp-json\/wp\/v2\/media\/7143"}],"wp:attachment":[{"href":"https:\/\/oves-geeb.eus\/es\/wp-json\/wp\/v2\/media?parent=7142"}],"wp:term":[{"taxonomy":"category","embeddable":true,"href":"https:\/\/oves-geeb.eus\/es\/wp-json\/wp\/v2\/categories?post=7142"},{"taxonomy":"post_tag","embeddable":true,"href":"https:\/\/oves-geeb.eus\/es\/wp-json\/wp\/v2\/tags?post=7142"}],"curies":[{"name":"wp","href":"https:\/\/api.w.org\/{rel}","templated":true}]}}