{"id":17816,"date":"2026-04-28T11:28:22","date_gmt":"2026-04-28T09:28:22","guid":{"rendered":"https:\/\/oves-geeb.eus\/curso-de-emprendimiento-agroecologico-cooperativo-con-vocacion-transformadora\/"},"modified":"2026-04-28T11:48:45","modified_gmt":"2026-04-28T09:48:45","slug":"curso-de-emprendimiento-agroecologico-cooperativo-con-vocacion-transformadora","status":"publish","type":"post","link":"https:\/\/oves-geeb.eus\/es\/curso-de-emprendimiento-agroecologico-cooperativo-con-vocacion-transformadora\/","title":{"rendered":"Curso de emprendimiento agroecol\u00f3gico cooperativo con vocaci\u00f3n transformadora"},"content":{"rendered":"<p><span data-contrast=\"auto\">Tokixan pone en marcha la primera edici\u00f3n de su curso de formaci\u00f3n en emprendimiento agroecol\u00f3gico cooperativo. La iniciativa est\u00e1 orientada a acompa\u00f1ar a las personas que desean desarrollar nuevos proyectos productivos en el primer sector en condiciones dignas. El curso se impartir\u00e1 durante el curso acad\u00e9mico 2026\/2027.<\/span><span data-ccp-props=\"{&quot;134233117&quot;:false,&quot;134233118&quot;:false,&quot;201341983&quot;:0,&quot;335551550&quot;:0,&quot;335551620&quot;:0,&quot;335559738&quot;:0,&quot;335559739&quot;:0,&quot;335559740&quot;:300}\">\u00a0<\/span><span data-ccp-props=\"{&quot;134233117&quot;:false,&quot;134233118&quot;:false,&quot;201341983&quot;:0,&quot;335551550&quot;:0,&quot;335551620&quot;:0,&quot;335559738&quot;:0,&quot;335559739&quot;:0,&quot;335559740&quot;:300}\">\u00a0<\/span><\/p>\n<p><span data-contrast=\"auto\">El dise\u00f1o del programa ha contado con la colaboraci\u00f3n de agentes de referencia como Biolur, Ekintzakoop, personal de Mondragon Unibertsitatea y de la Universidad del Pa\u00eds Vasco (EHU-UPV). Personas expertas y proyectos agroecol\u00f3gicos ejemplares participar\u00e1n como formadores y formadoras.<\/span><span data-ccp-props=\"{&quot;134233117&quot;:false,&quot;134233118&quot;:false,&quot;201341983&quot;:0,&quot;335551550&quot;:0,&quot;335551620&quot;:0,&quot;335559738&quot;:0,&quot;335559739&quot;:0,&quot;335559740&quot;:300}\">\u00a0<\/span><\/p>\n<p><span data-contrast=\"auto\">El curso se desarrolla en distintos municipios de Gipuzkoa, seg\u00fan la fase formativa:<\/span><span data-ccp-props=\"{&quot;134233117&quot;:false,&quot;134233118&quot;:false,&quot;201341983&quot;:0,&quot;335551550&quot;:0,&quot;335551620&quot;:0,&quot;335559738&quot;:0,&quot;335559739&quot;:0,&quot;335559740&quot;:300}\">\u00a0<\/span><span data-ccp-props=\"{&quot;134233117&quot;:false,&quot;134233118&quot;:false,&quot;201341983&quot;:0,&quot;335551550&quot;:0,&quot;335551620&quot;:0,&quot;335559738&quot;:0,&quot;335559739&quot;:0,&quot;335559740&quot;:300}\">\u00a0<\/span><\/p>\n<ul>\n<li aria-setsize=\"-1\" data-leveltext=\"\uf0b7\" data-font=\"Symbol\" data-listid=\"1\" data-list-defn-props=\"{&quot;335552541&quot;:1,&quot;335559683&quot;:0,&quot;335559684&quot;:-2,&quot;335559685&quot;:720,&quot;335559991&quot;:360,&quot;469769226&quot;:&quot;Symbol&quot;,&quot;469769242&quot;:[8226],&quot;469777803&quot;:&quot;left&quot;,&quot;469777804&quot;:&quot;\uf0b7&quot;,&quot;469777815&quot;:&quot;hybridMultilevel&quot;}\" data-aria-posinset=\"1\" data-aria-level=\"1\"><b><span data-contrast=\"auto\">Fase de introducci\u00f3n (noviembre 2026)<\/span><\/b><span data-contrast=\"auto\">:<\/span><br \/>\n<span data-contrast=\"auto\"> Las sesiones tendr\u00e1n lugar en <\/span><b><span data-contrast=\"auto\">Bergara<\/span><\/b><span data-contrast=\"auto\">, en horario de tarde.<\/span><span data-ccp-props=\"{&quot;134233117&quot;:false,&quot;134233118&quot;:false,&quot;201341983&quot;:0,&quot;335551550&quot;:0,&quot;335551620&quot;:0,&quot;335559738&quot;:0,&quot;335559739&quot;:0,&quot;335559740&quot;:300}\">\u00a0<\/span><\/li>\n<\/ul>\n<ul>\n<li aria-setsize=\"-1\" data-leveltext=\"\uf0b7\" data-font=\"Symbol\" data-listid=\"1\" data-list-defn-props=\"{&quot;335552541&quot;:1,&quot;335559683&quot;:0,&quot;335559684&quot;:-2,&quot;335559685&quot;:720,&quot;335559991&quot;:360,&quot;469769226&quot;:&quot;Symbol&quot;,&quot;469769242&quot;:[8226],&quot;469777803&quot;:&quot;left&quot;,&quot;469777804&quot;:&quot;\uf0b7&quot;,&quot;469777815&quot;:&quot;hybridMultilevel&quot;}\" data-aria-posinset=\"2\" data-aria-level=\"1\"><b><span data-contrast=\"auto\">Curso largo \u2013 parte te\u00f3rica (enero a marzo 2027)<\/span><\/b><span data-contrast=\"auto\">:<\/span><br \/>\n<span data-contrast=\"auto\"> Se impartir\u00e1 en <\/span><b><span data-contrast=\"auto\">O\u00f1ati<\/span><\/b><span data-contrast=\"auto\">, en horario de ma\u00f1ana.<\/span><\/li>\n<\/ul>\n<ul>\n<li aria-setsize=\"-1\" data-leveltext=\"\uf0b7\" data-font=\"Symbol\" data-listid=\"1\" data-list-defn-props=\"{&quot;335552541&quot;:1,&quot;335559683&quot;:0,&quot;335559684&quot;:-2,&quot;335559685&quot;:720,&quot;335559991&quot;:360,&quot;469769226&quot;:&quot;Symbol&quot;,&quot;469769242&quot;:[8226],&quot;469777803&quot;:&quot;left&quot;,&quot;469777804&quot;:&quot;\uf0b7&quot;,&quot;469777815&quot;:&quot;hybridMultilevel&quot;}\" data-aria-posinset=\"3\" data-aria-level=\"1\"><b><span data-contrast=\"auto\">Curso largo \u2013 parte pr\u00e1ctica (marzo a junio 2027)<\/span><\/b><span data-contrast=\"auto\">:<\/span><br \/>\n<span data-contrast=\"auto\">Las pr\u00e1cticas se realizar\u00e1n por las ma\u00f1anas en <\/span><b><span data-contrast=\"auto\">2 o 3 caser\u00edos de la comarca<\/span><\/b><span data-contrast=\"auto\">, mientras que las clases te\u00f3ricas de los viernes por la ma\u00f1ana volver\u00e1n a ser en <\/span><b><span data-contrast=\"auto\">O\u00f1ati<\/span><\/b><span data-contrast=\"auto\">.<\/span><span data-ccp-props=\"{&quot;134233117&quot;:false,&quot;134233118&quot;:false,&quot;201341983&quot;:0,&quot;335551550&quot;:0,&quot;335551620&quot;:0,&quot;335559738&quot;:0,&quot;335559739&quot;:0,&quot;335559740&quot;:300}\">\u00a0<\/span><\/li>\n<\/ul>\n<p><span data-contrast=\"auto\">La formaci\u00f3n est\u00e1 abierta a cualquier persona interesada en especializarse en este \u00e1mbito y particularmente a quienes quieran poner en marcha un proyecto agroecol\u00f3gico en el futuro. El curso se desarrollar\u00e1 entre noviembre de 2026 y junio de 2027, con un total de 390 horas, combinando contenidos te\u00f3ricos y pr\u00e1cticos.<\/span><span data-ccp-props=\"{&quot;134233117&quot;:false,&quot;134233118&quot;:false,&quot;201341983&quot;:0,&quot;335551550&quot;:0,&quot;335551620&quot;:0,&quot;335559738&quot;:0,&quot;335559739&quot;:0,&quot;335559740&quot;:300}\">\u00a0<\/span><\/p>\n<p><span data-contrast=\"auto\">El plazo de inscripci\u00f3n estar\u00e1 abierto del <\/span><b><span data-contrast=\"auto\">15 de abril al 15 de junio de 2026<\/span><\/b><span data-contrast=\"auto\">. La inscripci\u00f3n puede realizarse a trav\u00e9s de la web de Tokixan, en el apartado de formaci\u00f3n, o escribiendo a <\/span><a href=\"mailto:tokixan@tokixan.eus\"><b><span data-contrast=\"none\">tokixan@tokixan.eus<\/span><\/b><\/a><\/p>\n<p><span data-contrast=\"auto\">El curso cuenta con un m\u00e1ximo de 20 plazas y ofrece dos tarifas: <\/span><b><span data-contrast=\"auto\">150 \u20ac<\/span><\/b><span data-contrast=\"auto\"> para el curso completo y <\/span><b><span data-contrast=\"auto\">50 \u20ac<\/span><\/b><span data-contrast=\"auto\"> para la fase inicial.<\/span><span data-ccp-props=\"{&quot;134233117&quot;:false,&quot;134233118&quot;:false,&quot;201341983&quot;:0,&quot;335551550&quot;:0,&quot;335551620&quot;:0,&quot;335559738&quot;:0,&quot;335559739&quot;:0,&quot;335559740&quot;:300}\">\u00a0<\/span><\/p>\n<p><span data-contrast=\"auto\">M\u00e1s detalles: <\/span><span data-ccp-props=\"{}\">\u00a0<\/span><\/p>\n<p><a href=\"https:\/\/tokixan.eus\/tokixan-egitasmoak-ekintzailetza-agroekologiko-kooperatiboa-sustatzeko-bere-lehen-ikastaroa-aurkezten-du-20260422\/\"><span data-contrast=\"none\">https:\/\/tokixan.eus\/tokixan-egitasmoak-ekintzailetza-agroekologiko-kooperatiboa-sustatzeko-bere-lehen-ikastaroa-aurkezten-du-20260422\/<\/span><\/a> <span data-ccp-props=\"{}\">\u00a0<\/span><\/p>\n<p><a href=\"https:\/\/www.linkedin.com\/feed\/update\/urn:li:activity:7454827871606390784\"><img loading=\"lazy\" decoding=\"async\" class=\"wp-image-17716 aligncenter\" src=\"https:\/\/oves-geeb.eus\/wp-content\/uploads\/2026\/03\/linkedin-brands-solid.png\" alt=\"\" width=\"66\" height=\"71\" \/><\/a><\/p>\n","protected":false},"excerpt":{"rendered":"<p>Tokixan pone en marcha la primera edici\u00f3n de su curso de formaci\u00f3n en emprendimiento agroecol\u00f3gico cooperativo. El curso se impartir\u00e1 durante el curso acad\u00e9mico 2026\/2027. <\/p>\n","protected":false},"author":6,"featured_media":17808,"comment_status":"closed","ping_status":"open","sticky":false,"template":"","format":"standard","meta":{"footnotes":""},"categories":[69],"tags":[],"class_list":["post-17816","post","type-post","status-publish","format-standard","has-post-thumbnail","hentry","category-noticias"],"acf":[],"_links":{"self":[{"href":"https:\/\/oves-geeb.eus\/es\/wp-json\/wp\/v2\/posts\/17816","targetHints":{"allow":["GET"]}}],"collection":[{"href":"https:\/\/oves-geeb.eus\/es\/wp-json\/wp\/v2\/posts"}],"about":[{"href":"https:\/\/oves-geeb.eus\/es\/wp-json\/wp\/v2\/types\/post"}],"author":[{"embeddable":true,"href":"https:\/\/oves-geeb.eus\/es\/wp-json\/wp\/v2\/users\/6"}],"replies":[{"embeddable":true,"href":"https:\/\/oves-geeb.eus\/es\/wp-json\/wp\/v2\/comments?post=17816"}],"version-history":[{"count":1,"href":"https:\/\/oves-geeb.eus\/es\/wp-json\/wp\/v2\/posts\/17816\/revisions"}],"predecessor-version":[{"id":17819,"href":"https:\/\/oves-geeb.eus\/es\/wp-json\/wp\/v2\/posts\/17816\/revisions\/17819"}],"wp:featuredmedia":[{"embeddable":true,"href":"https:\/\/oves-geeb.eus\/es\/wp-json\/wp\/v2\/media\/17808"}],"wp:attachment":[{"href":"https:\/\/oves-geeb.eus\/es\/wp-json\/wp\/v2\/media?parent=17816"}],"wp:term":[{"taxonomy":"category","embeddable":true,"href":"https:\/\/oves-geeb.eus\/es\/wp-json\/wp\/v2\/categories?post=17816"},{"taxonomy":"post_tag","embeddable":true,"href":"https:\/\/oves-geeb.eus\/es\/wp-json\/wp\/v2\/tags?post=17816"}],"curies":[{"name":"wp","href":"https:\/\/api.w.org\/{rel}","templated":true}]}}