{"id":17103,"date":"2024-11-15T09:00:00","date_gmt":"2024-11-15T08:00:00","guid":{"rendered":"https:\/\/oves-geeb.eus\/foro-de-vivienda-cooperativa-senior-2024-desarrollo-estatal-de-proyectos-de-vivienda-colaborativa-cohousing-o-covivienda\/"},"modified":"2024-11-29T15:55:48","modified_gmt":"2024-11-29T14:55:48","slug":"foro-de-vivienda-cooperativa-senior-2024-desarrollo-estatal-de-proyectos-de-vivienda-colaborativa-cohousing-o-covivienda","status":"publish","type":"post","link":"https:\/\/oves-geeb.eus\/es\/foro-de-vivienda-cooperativa-senior-2024-desarrollo-estatal-de-proyectos-de-vivienda-colaborativa-cohousing-o-covivienda\/","title":{"rendered":"Foro de Vivienda Cooperativa Senior 2024: Desarrollo estatal de proyectos de vivienda colaborativa, cohousing o covivienda."},"content":{"rendered":"\n<p>El evento se celebrar\u00e1 los d\u00edas 29 y 30 de noviembre en Donostia-San Sebasti\u00e1n. El Foro de Vivienda Cooperativa Senior que organiza el Grupo de Vivienda de REAS Red de Redes abre sus inscripciones. Este foro que contar\u00e1 con un amplio abanico de profesionales y proyectos innovadores en la materia. &#13;\n<\/p>\n\n<p>Durante los dos d\u00edas, se suceder\u00e1n charlas, mesas redondas, talleres y debates, tanto en formato presencial como en streaming para la sesi\u00f3n del viernes.&#13;\n&#13;\n&#13;\n<\/p>\n\n<p>La inscripci\u00f3n, gratuita, puede realizarse rellenando este formulario de INSCRIPCI\u00d3N o visitando https:\/\/tinyurl.com\/ForoViviendaCoopSENIOR<\/p>\n\n<p>El lema para este foro es \u201cLos cuidados en comunidad, claves para un envejecimiento saludable\u201d. El evento estar\u00e1 centrado en el desarrollo estatal de proyectos de vivienda colaborativa, cohousing o covivienda y tendr\u00e1 lugar en el Auditorio del Aulario de la UPV\/EHU &#13;\n<\/p>\n\n<p>Desde la Secci\u00f3n Senior del Grupo de Vivienda Cooperativa de REAS Red de Redes se propone un foro de encuentro estatal para abordar nuevas miradas y posibilidades del modelo como alternativa de vivienda, en la que poder experimentar un envejecimiento saludable y en comunidad que, a su vez, construya otros modelos de sociedad.<\/p>\n\n<p>La vivienda es el \u00e1mbito desde donde se construye la vida personal, familiar y comunitaria, y configura el entramado esencial que permite un desarrollo pleno. Pero el acceso a la vivienda adecuada, que responda a las necesidades vitales de las personas mayores, se torna cada vez m\u00e1s dif\u00edcil en el marco de una creciente fragmentaci\u00f3n social, as\u00ed como la dram\u00e1tica mercantilizaci\u00f3n de los cuidados y apoyos a la dependencia.<\/p>\n\n<p>Los proyectos de vivienda cooperativa, como comunidades de cuidados para toda la vida, configuran una alternativa real tanto a la soledad no deseada como a la institucionalizaci\u00f3n actual, que coincide plenamente con las pol\u00edticas planteadas por el propio Gobierno del Estado (Plan Desinstitucionalizaci\u00f3n M\u00ba Servicios Sociales).<\/p>\n\n<p>El modelo de vivienda cooperativa en cesi\u00f3n de uso despierta un creciente inter\u00e9s social, institucional y acad\u00e9mico, con miradas cr\u00edticas sobre los modelos residenciales imperantes en los procesos de envejecimiento y atenci\u00f3n a la dependencia.&#13;\n<\/p>\n\n<p>La vivienda cooperativa en cesi\u00f3n de uso sin \u00e1nimo de lucro es una palanca de cambio para caminar juntas hacia el desarrollo comunitario y sostenible. En ese camino, los aportes multidisciplinares son indispensables. Esperamos que este foro sea el inicio de muchos encuentros para consolidar la necesaria colaboraci\u00f3n p\u00fablico-cooperativa.&#13;\n<\/p>\n\n<p>El evento est\u00e1 organizado por REAS vivienda cooperativa + Grupo Senior y cuanta con la colaboraci\u00f3n de GEZKI, ELKARBIDEA,  REAS EUSKADI, KOOBIZITZA, AMETSAK SORTZEN y JUBILARES.&#13;\n<\/p>\n\n<p>Fuente: Econom\u00edasolidaria.org<\/p>\n","protected":false},"excerpt":{"rendered":"<p>El evento se celebrar\u00e1 los d\u00edas 29 y 30 de noviembre en Donostia-San Sebasti\u00e1n. El Foro de Vivienda Cooperativa Senior que organiza el Grupo de Vivienda de REAS Red de Redes abre sus inscripciones. Este foro que contar\u00e1 con un amplio abanico de profesionales y proyectos innovadores en la materia. &#13; Durante los dos d\u00edas, &hellip; <a href=\"https:\/\/oves-geeb.eus\/es\/foro-de-vivienda-cooperativa-senior-2024-desarrollo-estatal-de-proyectos-de-vivienda-colaborativa-cohousing-o-covivienda\/\">Continuar leyendo<\/a><\/p>\n","protected":false},"author":3,"featured_media":17101,"comment_status":"open","ping_status":"open","sticky":false,"template":"","format":"standard","meta":{"footnotes":""},"categories":[2],"tags":[],"class_list":["post-17103","post","type-post","status-publish","format-standard","has-post-thumbnail","hentry","category-sin-categorizar"],"acf":[],"_links":{"self":[{"href":"https:\/\/oves-geeb.eus\/es\/wp-json\/wp\/v2\/posts\/17103","targetHints":{"allow":["GET"]}}],"collection":[{"href":"https:\/\/oves-geeb.eus\/es\/wp-json\/wp\/v2\/posts"}],"about":[{"href":"https:\/\/oves-geeb.eus\/es\/wp-json\/wp\/v2\/types\/post"}],"author":[{"embeddable":true,"href":"https:\/\/oves-geeb.eus\/es\/wp-json\/wp\/v2\/users\/3"}],"replies":[{"embeddable":true,"href":"https:\/\/oves-geeb.eus\/es\/wp-json\/wp\/v2\/comments?post=17103"}],"version-history":[{"count":3,"href":"https:\/\/oves-geeb.eus\/es\/wp-json\/wp\/v2\/posts\/17103\/revisions"}],"predecessor-version":[{"id":17178,"href":"https:\/\/oves-geeb.eus\/es\/wp-json\/wp\/v2\/posts\/17103\/revisions\/17178"}],"wp:featuredmedia":[{"embeddable":true,"href":"https:\/\/oves-geeb.eus\/es\/wp-json\/wp\/v2\/media\/17101"}],"wp:attachment":[{"href":"https:\/\/oves-geeb.eus\/es\/wp-json\/wp\/v2\/media?parent=17103"}],"wp:term":[{"taxonomy":"category","embeddable":true,"href":"https:\/\/oves-geeb.eus\/es\/wp-json\/wp\/v2\/categories?post=17103"},{"taxonomy":"post_tag","embeddable":true,"href":"https:\/\/oves-geeb.eus\/es\/wp-json\/wp\/v2\/tags?post=17103"}],"curies":[{"name":"wp","href":"https:\/\/api.w.org\/{rel}","templated":true}]}}