{"id":17091,"date":"2024-11-15T09:15:00","date_gmt":"2024-11-15T08:15:00","guid":{"rendered":"https:\/\/oves-geeb.eus\/abierta-la-inscripcion-al-congreso-internacional-trabajo-y-sindicalismo-en-el-siglo-xxi\/"},"modified":"2024-11-29T15:55:25","modified_gmt":"2024-11-29T14:55:25","slug":"abierta-la-inscripcion-al-congreso-internacional-trabajo-y-sindicalismo-en-el-siglo-xxi","status":"publish","type":"post","link":"https:\/\/oves-geeb.eus\/es\/abierta-la-inscripcion-al-congreso-internacional-trabajo-y-sindicalismo-en-el-siglo-xxi\/","title":{"rendered":"Abierta la inscripci\u00f3n al Congreso Internacional &#8220;Trabajo y Sindicalismo en el siglo XXI&#8221;"},"content":{"rendered":"\n<p>El pr\u00f3ximo 28 de noviembre de 2024 se celebrar\u00e1 en la Facultad de ciencias sociales de la EHU-UPV. Leioa el Congreso Internacional &#8220;Trabajo y Sindicalismo en el siglo XXI&#8221;&#13;\n&#13;\n<\/p>\n\n<p>Est\u00e1 abierta la inscripci\u00f3n para participar en el Congreso. Adem\u00e1s, la asistencia al Congreso es gratuita y requiere inscripci\u00f3n previa.&#13;\n<\/p>\n\n<p>Las personas que no presentan comunicaciones y quieran participar en el Congreso, pueden inscribirse enviando un correo al comit\u00e9 organizador del congreso: congresosindicalismo@gmail.com<\/p>\n\n<p>Este congreso es el resultado de una iniciativa conjunta de la Fundaci\u00f3n Manu Robles Arangiz, la Fundaci\u00f3n Moncho Reboiras, la Fundaci\u00f3n Sur Norte, Grup d \u2018Estudisek, la Fundaci\u00f3n Salvador Segu\u00ed, la Facultad de Relaciones Laborales y Trabajo Social de la UPV-EHU y el Instituto GEZKI. Este esfuerzo de colaboraci\u00f3n pone de relieve la importancia de aunar esfuerzos para comprender y abordar los retos contempor\u00e1neos en el \u00e1mbito del trabajo y el sindicalismo.&#13;\n<\/p>\n\n<p>El trabajo organizado de forma capitalista est\u00e1 atravesado por muchas tensiones y contradicciones, y los trabajadores tienen que buscar respuestas creativas, tanto individuales como colectivas. En mercados globales cada vez m\u00e1s fragmentados y atomizados, la acci\u00f3n sindical tambi\u00e9n demuestra que la organizaci\u00f3n colectiva es posible. Es una pr\u00e1ctica muy utilizada y requiere personal implicado, ya que se deben articular una gran cantidad de instrumentos organizativos, t\u00e9cnicos y discursivos para abordar los problemas pol\u00edticos, econ\u00f3micos y sociales desde una posici\u00f3n m\u00e1s favorable.&#13;\n<\/p>\n\n<p>En este sentido, resulta preocupante la escasa atenci\u00f3n que recibe el sindicalismo, tanto en los debates p\u00fablicos y pol\u00edticos, como en las editoriales y en los \u00e1mbitos acad\u00e9micos. A menudo aparece como una an\u00e9cdota, por ejemplo, cuando una huelga o movilizaci\u00f3n interrumpe su actividad cotidiana, o cuando se firman acuerdos macros con la patronal para gestionar conjuntamente la paz social. Es indiferente la gran presencia sindical en las din\u00e1micas de trabajo o el elevado n\u00famero de personas que re\u00fanen y representan.&#13;\n<\/p>\n\n<p>En concreto, invitamos a investigadores y activistas interesados en el mundo del trabajo y del sindicalismo y al p\u00fablico en general.&#13;\n&#13;\nM\u00e1s informaci\u00f3n aqu\u00ed&#13;\n&#13;\n<\/p>\n\n<p>Fuente: Congreso Sindicalismo<\/p>\n","protected":false},"excerpt":{"rendered":"<p>El pr\u00f3ximo 28 de noviembre de 2024 se celebrar\u00e1 en la Facultad de ciencias sociales de la EHU-UPV. Leioa el Congreso Internacional &#8220;Trabajo y Sindicalismo en el siglo XXI&#8221;&#13; &#13; Est\u00e1 abierta la inscripci\u00f3n para participar en el Congreso. Adem\u00e1s, la asistencia al Congreso es gratuita y requiere inscripci\u00f3n previa.&#13; Las personas que no presentan &hellip; <a href=\"https:\/\/oves-geeb.eus\/es\/abierta-la-inscripcion-al-congreso-internacional-trabajo-y-sindicalismo-en-el-siglo-xxi\/\">Continuar leyendo<\/a><\/p>\n","protected":false},"author":3,"featured_media":17090,"comment_status":"open","ping_status":"open","sticky":false,"template":"","format":"standard","meta":{"footnotes":""},"categories":[2],"tags":[],"class_list":["post-17091","post","type-post","status-publish","format-standard","has-post-thumbnail","hentry","category-sin-categorizar"],"acf":[],"_links":{"self":[{"href":"https:\/\/oves-geeb.eus\/es\/wp-json\/wp\/v2\/posts\/17091","targetHints":{"allow":["GET"]}}],"collection":[{"href":"https:\/\/oves-geeb.eus\/es\/wp-json\/wp\/v2\/posts"}],"about":[{"href":"https:\/\/oves-geeb.eus\/es\/wp-json\/wp\/v2\/types\/post"}],"author":[{"embeddable":true,"href":"https:\/\/oves-geeb.eus\/es\/wp-json\/wp\/v2\/users\/3"}],"replies":[{"embeddable":true,"href":"https:\/\/oves-geeb.eus\/es\/wp-json\/wp\/v2\/comments?post=17091"}],"version-history":[{"count":3,"href":"https:\/\/oves-geeb.eus\/es\/wp-json\/wp\/v2\/posts\/17091\/revisions"}],"predecessor-version":[{"id":17177,"href":"https:\/\/oves-geeb.eus\/es\/wp-json\/wp\/v2\/posts\/17091\/revisions\/17177"}],"wp:featuredmedia":[{"embeddable":true,"href":"https:\/\/oves-geeb.eus\/es\/wp-json\/wp\/v2\/media\/17090"}],"wp:attachment":[{"href":"https:\/\/oves-geeb.eus\/es\/wp-json\/wp\/v2\/media?parent=17091"}],"wp:term":[{"taxonomy":"category","embeddable":true,"href":"https:\/\/oves-geeb.eus\/es\/wp-json\/wp\/v2\/categories?post=17091"},{"taxonomy":"post_tag","embeddable":true,"href":"https:\/\/oves-geeb.eus\/es\/wp-json\/wp\/v2\/tags?post=17091"}],"curies":[{"name":"wp","href":"https:\/\/api.w.org\/{rel}","templated":true}]}}