{"id":17069,"date":"2024-11-15T10:00:00","date_gmt":"2024-11-15T09:00:00","guid":{"rendered":"https:\/\/oves-geeb.eus\/celebracion-del-aniversario-gezki-1984-2024\/"},"modified":"2024-11-29T15:54:47","modified_gmt":"2024-11-29T14:54:47","slug":"celebracion-del-aniversario-gezki-1984-2024","status":"publish","type":"post","link":"https:\/\/oves-geeb.eus\/es\/celebracion-del-aniversario-gezki-1984-2024\/","title":{"rendered":"Celebraci\u00f3n del 40\u00ba Aniversario de GEZKI (1984-2024)"},"content":{"rendered":"\n<p>Ayer se celebr\u00f3 en Donostia el 40\u00ba aniversario del Instituto de Derecho Cooperativo y Econom\u00eda Social en la sede de GEZKI, ubicada en el centro Carlos Santamar\u00eda. &#13;\n&#13;\n&#13;\n<\/p>\n\n<p>Desde el Instituto, queremos expresar nuestro m\u00e1s sincero agradecimiento a todas las personas y representantes de entidades que asistieron al evento, as\u00ed como a quienes han apoyado y colaborado con este organismo durante estas cuatro d\u00e9cadas. Fue una ocasi\u00f3n especial para reflexionar sobre la trayectoria del Instituto y compartir este hito junto a los agentes que han estado a nuestro lado en este camino. <\/p>\n\n<p>En el acto de apertura participaron Elena P\u00e9rez Barredo, Viceconsejera de Trabajo y Seguridad Social, en representaci\u00f3n del Gobierno Vasco; Montse Maritxalar, Vicerrectora de Posgrado y Formaci\u00f3n Continua, en representaci\u00f3n de la UPV\/EHU; y Aitziber Etxezarreta Etxarri, Directora del Instituto GEZKI, en representaci\u00f3n de esta \u00faltima entidad.<\/p>\n\n<p>Sylvia Gay, cofundadora del Instituto GEZKI y colaboradora actual, fue la encargada de rememorar los inicios del Instituto. Durante el evento, se le rindi\u00f3 un emotivo homenaje en reconocimiento a su labor, haci\u00e9ndole entrega de una txapela honor\u00edfica como s\u00edmbolo de agradecimiento en nombre de GEZKI. En su intervenci\u00f3n, Sylvia expres\u00f3 su gratitud por haber compartido este camino y ley\u00f3 una carta en representaci\u00f3n de Koldo Gorostiaga, tambi\u00e9n cofundador del Instituto. &#13;\n&#13;\n&#13;\n<\/p>\n\n<p>A continuaci\u00f3n, se proyect\u00f3 un video especialmente creado para la ocasi\u00f3n, producido por Bira Produkzioak que repas\u00f3 los hitos m\u00e1s significativos del Instituto y plasm\u00f3 su historia a trav\u00e9s de im\u00e1genes.<\/p>\n\n<p>A lo largo de la ma\u00f1ana se dialog\u00f3 sobre la actualidad del Instituto de la que se encargaron Aitor Bengoetxea, Aitziber Etxezarreta y Mikel Zurbano profesorado perteneciente a la UPV\/EHU y miembros del Instituto. <\/p>\n\n<p>Jose Luis Monz\u00f3n, de CIRIEC Espa\u00f1a, expuso los principales desaf\u00edos que enfrenta un instituto de Econom\u00eda Social en el contexto actual.  &#13;\n&#13;\n&#13;\n&#13;\n<\/p>\n\n<p>La mesa redonda, centrada en la labor de los colaboradores del Instituto GEZKI, reuni\u00f3 a destacadas figuras de la Econom\u00eda Social en Euskadi. Entre los participantes se encontraban Jokin D\u00edaz, Director de Econom\u00eda Social del Gobierno Vasco; Marta Enciso, de la Universidad de Deusto; Ainara Udanondo, de Mondragon Unibertsitatea; Patxi Olabarria, del Kooperatiben Kontseilua; Jone Nolte, de ASLE; Pablo Moratalla, de EHLABE; Joana Revilla, de GIZATEA; Rosa Lav\u00edn, de KONFEKOOP; Silvia Piris, de REAS; y Gorka Julio, de Olatukoop.  <\/p>\n\n<p>El evento concluy\u00f3 con las intervenciones de Aitziber Etxezarreta, Directora de GEZKI, Julen Izagirre, Secretario Acad\u00e9mico y con el espect\u00e1culo musical de la mano de Oskar Estanga que expuso las claves del evento en clave de humor.&#13;\n<\/p>\n\n<p>\u00a1Muchas gracias a todas y todos!<\/p>\n\n<p>Fuente: OVES\/GEEB<\/p>\n","protected":false},"excerpt":{"rendered":"<p>Ayer se celebr\u00f3 en Donostia el 40\u00ba aniversario del Instituto de Derecho Cooperativo y Econom\u00eda Social en la sede de GEZKI, ubicada en el centro Carlos Santamar\u00eda. &#13; &#13; &#13; Desde el Instituto, queremos expresar nuestro m\u00e1s sincero agradecimiento a todas las personas y representantes de entidades que asistieron al evento, as\u00ed como a quienes &hellip; <a href=\"https:\/\/oves-geeb.eus\/es\/celebracion-del-aniversario-gezki-1984-2024\/\">Continuar leyendo<\/a><\/p>\n","protected":false},"author":3,"featured_media":17067,"comment_status":"open","ping_status":"open","sticky":false,"template":"","format":"standard","meta":{"footnotes":""},"categories":[2],"tags":[],"class_list":["post-17069","post","type-post","status-publish","format-standard","has-post-thumbnail","hentry","category-sin-categorizar"],"acf":[],"_links":{"self":[{"href":"https:\/\/oves-geeb.eus\/es\/wp-json\/wp\/v2\/posts\/17069","targetHints":{"allow":["GET"]}}],"collection":[{"href":"https:\/\/oves-geeb.eus\/es\/wp-json\/wp\/v2\/posts"}],"about":[{"href":"https:\/\/oves-geeb.eus\/es\/wp-json\/wp\/v2\/types\/post"}],"author":[{"embeddable":true,"href":"https:\/\/oves-geeb.eus\/es\/wp-json\/wp\/v2\/users\/3"}],"replies":[{"embeddable":true,"href":"https:\/\/oves-geeb.eus\/es\/wp-json\/wp\/v2\/comments?post=17069"}],"version-history":[{"count":4,"href":"https:\/\/oves-geeb.eus\/es\/wp-json\/wp\/v2\/posts\/17069\/revisions"}],"predecessor-version":[{"id":17111,"href":"https:\/\/oves-geeb.eus\/es\/wp-json\/wp\/v2\/posts\/17069\/revisions\/17111"}],"wp:featuredmedia":[{"embeddable":true,"href":"https:\/\/oves-geeb.eus\/es\/wp-json\/wp\/v2\/media\/17067"}],"wp:attachment":[{"href":"https:\/\/oves-geeb.eus\/es\/wp-json\/wp\/v2\/media?parent=17069"}],"wp:term":[{"taxonomy":"category","embeddable":true,"href":"https:\/\/oves-geeb.eus\/es\/wp-json\/wp\/v2\/categories?post=17069"},{"taxonomy":"post_tag","embeddable":true,"href":"https:\/\/oves-geeb.eus\/es\/wp-json\/wp\/v2\/tags?post=17069"}],"curies":[{"name":"wp","href":"https:\/\/api.w.org\/{rel}","templated":true}]}}