{"id":17028,"date":"2024-10-17T08:45:00","date_gmt":"2024-10-17T06:45:00","guid":{"rendered":"https:\/\/oves-geeb.eus\/el-nuevo-informe-de-euricse-ciriec-internacional-y-spatial-foresight-impulsado-por-la-comision-europea-cifra-en-115-millones-las-personas-empleadas-en-la-economia-social-en-la-ue\/"},"modified":"2024-10-22T12:02:52","modified_gmt":"2024-10-22T10:02:52","slug":"el-nuevo-informe-de-euricse-ciriec-internacional-y-spatial-foresight-impulsado-por-la-comision-europea-cifra-en-115-millones-las-personas-empleadas-en-la-economia-social-en-la-ue","status":"publish","type":"post","link":"https:\/\/oves-geeb.eus\/es\/el-nuevo-informe-de-euricse-ciriec-internacional-y-spatial-foresight-impulsado-por-la-comision-europea-cifra-en-115-millones-las-personas-empleadas-en-la-economia-social-en-la-ue\/","title":{"rendered":"El nuevo informe de EURICSE, CIRIEC Internacional y Spatial Foresight, impulsado por la Comisi\u00f3n Europea, cifra en 11,5 millones las personas empleadas en la Econom\u00eda Social en la UE"},"content":{"rendered":"\n<p>4,3 millones de empresas y entidades, 11,5 millones de empleados remunerados y m\u00e1s de 912 mil millones de euros de facturaci\u00f3n son las grandes cifras de la econom\u00eda social de la Uni\u00f3n Europea, seg\u00fan el informe \u201cEvaluaci\u00f3n comparativa del rendimiento socioecon\u00f3mico de la econom\u00eda social de la UE\u201d, que acaba de ser publicado por la Comisi\u00f3n Europea en el marco del Eje 5 \u201cMejorar el reconocimiento de la econom\u00eda social y de su potencial\u201d de su Plan de Acci\u00f3n Europeo para la Econom\u00eda Social.<\/p>\n\n\n\n<p>El estudio ha sido realizado conjuntamente por EURICSE y CIRIEC, tras concurso p\u00fablico convocado por la Agencia Ejecutiva para el Consejo Europeo de Innovaci\u00f3n y las PYME (EISMEA). En el proyecto de investigaci\u00f3n han participado cerca de 50 expertos procedentes de los 27 Estados miembros de la UE, bajo la coordinaci\u00f3n de un equipo central formado por expertos de EURICSE y CIRIEC. Por EURICSE han sido Giulia Galera, Chiara Carini, Barbara Franchini y Giulia Tallarini y por CIRIEC Rafael Chaves \u00c1vila, Barbara Sak y J\u00e9r\u00f4me Schoenmaeckers. En el proyecto ha colaborado tambi\u00e9n Silke Haarich junto a otros expertos de la entidad Spatial Foresight.\r\n<\/p>\n\n\n\n<p>El trabajo, publicado en ingl\u00e9s bajo el t\u00edtulo de Benchmarking the socio-economic performance of the EU Social Economy: Improving the socio-economic knowledge of the proximity and social economy ecosystem, tiene dos objetivos centrales. Por un lado, ofrecer datos cuantitativos actualizados de la econom\u00eda social en los 27 pa\u00edses de la UE y, por otro lado, ofrecer datos cualitativos que documenten la importancia de la econom\u00eda social tanto en seis ecosistemas clave de la estrategia industrial europea, como son el sector agroalimentario, las energ\u00edas renovables, la salud, las industrias culturales y creativas, el turismo y el comercio minorista, como en la capacidad de resiliencia de la econom\u00eda social ante la crisis de la Covid-19. Pretende ayudar a los responsables gubernamentales a implementar pol\u00edticas para la econom\u00eda social basadas en la evidencia, y ayudar a las oficinas estad\u00edsticas de los Estados miembros a producir estad\u00edsticas e indicadores de medici\u00f3n del impacto social y econ\u00f3mico de la econom\u00eda social.\r\n<\/p>\n\n\n\n<p>El informe analiza la econom\u00eda social, integrada por cooperativas, mutualidades, asociaciones, fundaciones y empresas sociales. Seg\u00fan los datos extra\u00eddos del informe, por pa\u00edses, de los 11,5 millones de personas empleadas en la econom\u00eda social europea encabezan la clasificaci\u00f3n Alemania, con 3,4 millones, y Francia, con cerca de 2,6 millones. A ellas le siguen Italia (m\u00e1s de 1,5 millones de empleadas en la econom\u00eda social) y Espa\u00f1a (casi 1,4 millones). Ya a distancia se encuentran B\u00e9lgica (592.000 empleos en econom\u00eda social), Polonia (250.000) y Portugal (245.000). Cabe advertir que en este informe, a diferencia de los anteriores, ya no se considera el caso del Reino Unido, al haberse producido el Brexit.<\/p>\n\n\n\n<p><strong>Informe<\/strong>&nbsp;<a href=\"http:\/\/op.europa.eu\/en\/publication-detail\/-\/publication\/8aa2a5cb-74a7-11ef-a8ba-01aa75ed71a1\/language-en\">Benchmarking the socio-economic performance of the EU Social Economy: Improving the socio-economic knowledge of the proximity and social economy ecosystem<\/a><\/p>\n\n\n\n<p><strong>Disponibles Res\u00famenes ejecutivos en<\/strong>&nbsp;<a href=\"http:\/\/op.europa.eu\/en\/publication-detail\/-\/publication\/96358ed7-74a6-11ef-a8ba-01aa75ed71a1\/language-en\">ingl\u00e9s<\/a>,&nbsp;<a href=\"http:\/\/op.europa.eu\/en\/publication-detail\/-\/publication\/96358ed7-74a6-11ef-a8ba-01aa75ed71a1\/language-fr\">franc\u00e9s<\/a>&nbsp;y&nbsp;<a href=\"http:\/\/op.europa.eu\/en\/publication-detail\/-\/publication\/96358ed7-74a6-11ef-a8ba-01aa75ed71a1\/language-de\">alem\u00e1n<\/a><\/p>\n\n\n\n<p>Fuente: CIRIEC<\/p>\n","protected":false},"excerpt":{"rendered":"<p>4,3 millones de empresas y entidades, 11,5 millones de empleados remunerados y m\u00e1s de 912 mil millones de euros de facturaci\u00f3n son las grandes cifras de la econom\u00eda social de la Uni\u00f3n Europea, seg\u00fan el informe \u201cEvaluaci\u00f3n comparativa del rendimiento socioecon\u00f3mico de la econom\u00eda social de la UE\u201d, que acaba de ser publicado por la &hellip; <a href=\"https:\/\/oves-geeb.eus\/es\/el-nuevo-informe-de-euricse-ciriec-internacional-y-spatial-foresight-impulsado-por-la-comision-europea-cifra-en-115-millones-las-personas-empleadas-en-la-economia-social-en-la-ue\/\">Continuar leyendo<\/a><\/p>\n","protected":false},"author":3,"featured_media":16980,"comment_status":"open","ping_status":"open","sticky":false,"template":"","format":"standard","meta":{"footnotes":""},"categories":[2],"tags":[],"class_list":["post-17028","post","type-post","status-publish","format-standard","has-post-thumbnail","hentry","category-sin-categorizar"],"acf":[],"_links":{"self":[{"href":"https:\/\/oves-geeb.eus\/es\/wp-json\/wp\/v2\/posts\/17028","targetHints":{"allow":["GET"]}}],"collection":[{"href":"https:\/\/oves-geeb.eus\/es\/wp-json\/wp\/v2\/posts"}],"about":[{"href":"https:\/\/oves-geeb.eus\/es\/wp-json\/wp\/v2\/types\/post"}],"author":[{"embeddable":true,"href":"https:\/\/oves-geeb.eus\/es\/wp-json\/wp\/v2\/users\/3"}],"replies":[{"embeddable":true,"href":"https:\/\/oves-geeb.eus\/es\/wp-json\/wp\/v2\/comments?post=17028"}],"version-history":[{"count":2,"href":"https:\/\/oves-geeb.eus\/es\/wp-json\/wp\/v2\/posts\/17028\/revisions"}],"predecessor-version":[{"id":17030,"href":"https:\/\/oves-geeb.eus\/es\/wp-json\/wp\/v2\/posts\/17028\/revisions\/17030"}],"wp:featuredmedia":[{"embeddable":true,"href":"https:\/\/oves-geeb.eus\/es\/wp-json\/wp\/v2\/media\/16980"}],"wp:attachment":[{"href":"https:\/\/oves-geeb.eus\/es\/wp-json\/wp\/v2\/media?parent=17028"}],"wp:term":[{"taxonomy":"category","embeddable":true,"href":"https:\/\/oves-geeb.eus\/es\/wp-json\/wp\/v2\/categories?post=17028"},{"taxonomy":"post_tag","embeddable":true,"href":"https:\/\/oves-geeb.eus\/es\/wp-json\/wp\/v2\/tags?post=17028"}],"curies":[{"name":"wp","href":"https:\/\/api.w.org\/{rel}","templated":true}]}}