{"id":17008,"date":"2024-10-17T09:00:00","date_gmt":"2024-10-17T07:00:00","guid":{"rendered":"https:\/\/oves-geeb.eus\/?p=17008"},"modified":"2024-10-16T17:45:56","modified_gmt":"2024-10-16T15:45:56","slug":"8-medidas-para-avanzar-hacia-un-modelo-publico-comunitario-de-cuidados-desde-la-ess","status":"publish","type":"post","link":"https:\/\/oves-geeb.eus\/es\/8-medidas-para-avanzar-hacia-un-modelo-publico-comunitario-de-cuidados-desde-la-ess\/","title":{"rendered":"8 medidas para avanzar hacia un modelo p\u00fablico-comunitario de cuidados desde la ESS"},"content":{"rendered":"\n<p>Son muchas las se\u00f1ales de alerta que evidencian que vivimos en un sistema biocida, imbuido en una crisis multidimensional en la que la crisis de los cuidados es una de sus facetas end\u00e9micas.\u00a0\u00a0<\/p>\n\n\n\n<p>Sobre esa crisis podr\u00edamos hablar de un sistema p\u00fablico insuficiente, o de la privatizaci\u00f3n y mercantilizaci\u00f3n de este tipo de servicios en empresas centradas en el lucro capitalista. Podr\u00edamos centrarnos en la explotaci\u00f3n y la precarizaci\u00f3n de las vidas de las mujeres ligadas a estos trabajos (de forma remunerada o no). O en el crecimiento de las desigualdades sociales en un escenario de respuestas reactivas.&nbsp; Podr\u00edamos mencionar las carencias en la atenci\u00f3n a las personas en situaci\u00f3n de mayor vulnerabilidad, con un modelo basado en el asistencialismo. O de los problemas de asilamiento, cansancio, soledad no deseada o salud mental cada vez m\u00e1s extendidos. Todos estos s\u00edntomas no son accidentales ni inconexos, sino que est\u00e1n directamente ligados a una organizaci\u00f3n social de los cuidados injusta.&nbsp;&nbsp;&nbsp;<\/p>\n\n\n\n<p>Sin embargo, en esta ocasi\u00f3n, quer\u00edamos centrarnos en el aspecto propositivo, asumiendo la responsabilidad que REAS Euskadi tiene en la transformaci\u00f3n de este modelo injusto. Por ello, ekoSolFem puso en marcha un proceso para identificar propuestas en este sentido.&nbsp;&nbsp;<\/p>\n\n\n\n<p>Este proceso ha estado dinamizado por la&nbsp;<a href=\"https:\/\/www.aradiacooperativa.org\/\" target=\"_blank\" rel=\"noreferrer noopener\">cooperativa Aradia<\/a>&nbsp;y&nbsp;<a href=\"https:\/\/colectivaxxk.net\/\" target=\"_blank\" rel=\"noreferrer noopener\">colectiva XXK<\/a>&nbsp;y como resultado presentamos este documento que despliega 8 medidas en dos \u00e1mbitos de actuaci\u00f3n: lo p\u00fablico y lo comunitario.&nbsp; Una hoja de ruta para construir un modelo feminista de corresponsabilidad p\u00fablico-comunitaria con el que avanzar en el derecho colectivo al cuidado. Se trata, en definitiva, de una propuesta en construcci\u00f3n a la que os invitamos a aportar.&nbsp;<\/p>\n\n\n\n<p>Queremos agradecer el cari\u00f1o y cuidado puesto a este proceso por nuestras compa\u00f1eras Patricia, Delicia y Silvia. Y a todas las participantes de ekoSolFem por las risas, los bucles infinitos y los aprendizajes. A todas ellas (a las que est\u00e1n, a las que estuvieron y a las que estar\u00e1n) ESKERRIK ASKO por vuestra enorme contribuci\u00f3n a la construcci\u00f3n de una econom\u00eda solidaria y feminista.&nbsp;&nbsp;<\/p>\n\n\n\n<p>Enlace al documento <a href=\"http:\/\/Hacia un modelo publico-comunitario de cuidados desde la ESS (reaseuskadi.eus)\" target=\"_blank\" rel=\"noreferrer noopener\">aqu\u00ed<\/a><\/p>\n\n\n\n<p>Fuente: REAS Euskadi<\/p>\n","protected":false},"excerpt":{"rendered":"<p>Son muchas las se\u00f1ales de alerta que evidencian que vivimos en un sistema biocida, imbuido en una crisis multidimensional en la que la crisis de los cuidados es una de sus facetas end\u00e9micas.\u00a0\u00a0 Sobre esa crisis podr\u00edamos hablar de un sistema p\u00fablico insuficiente, o de la privatizaci\u00f3n y mercantilizaci\u00f3n de este tipo de servicios en &hellip; <a href=\"https:\/\/oves-geeb.eus\/es\/8-medidas-para-avanzar-hacia-un-modelo-publico-comunitario-de-cuidados-desde-la-ess\/\">Continuar leyendo<\/a><\/p>\n","protected":false},"author":3,"featured_media":16984,"comment_status":"open","ping_status":"open","sticky":false,"template":"","format":"standard","meta":{"footnotes":""},"categories":[2],"tags":[],"class_list":["post-17008","post","type-post","status-publish","format-standard","has-post-thumbnail","hentry","category-sin-categorizar"],"acf":[],"_links":{"self":[{"href":"https:\/\/oves-geeb.eus\/es\/wp-json\/wp\/v2\/posts\/17008","targetHints":{"allow":["GET"]}}],"collection":[{"href":"https:\/\/oves-geeb.eus\/es\/wp-json\/wp\/v2\/posts"}],"about":[{"href":"https:\/\/oves-geeb.eus\/es\/wp-json\/wp\/v2\/types\/post"}],"author":[{"embeddable":true,"href":"https:\/\/oves-geeb.eus\/es\/wp-json\/wp\/v2\/users\/3"}],"replies":[{"embeddable":true,"href":"https:\/\/oves-geeb.eus\/es\/wp-json\/wp\/v2\/comments?post=17008"}],"version-history":[{"count":2,"href":"https:\/\/oves-geeb.eus\/es\/wp-json\/wp\/v2\/posts\/17008\/revisions"}],"predecessor-version":[{"id":17010,"href":"https:\/\/oves-geeb.eus\/es\/wp-json\/wp\/v2\/posts\/17008\/revisions\/17010"}],"wp:featuredmedia":[{"embeddable":true,"href":"https:\/\/oves-geeb.eus\/es\/wp-json\/wp\/v2\/media\/16984"}],"wp:attachment":[{"href":"https:\/\/oves-geeb.eus\/es\/wp-json\/wp\/v2\/media?parent=17008"}],"wp:term":[{"taxonomy":"category","embeddable":true,"href":"https:\/\/oves-geeb.eus\/es\/wp-json\/wp\/v2\/categories?post=17008"},{"taxonomy":"post_tag","embeddable":true,"href":"https:\/\/oves-geeb.eus\/es\/wp-json\/wp\/v2\/tags?post=17008"}],"curies":[{"name":"wp","href":"https:\/\/api.w.org\/{rel}","templated":true}]}}