{"id":17003,"date":"2024-10-17T09:15:00","date_gmt":"2024-10-17T07:15:00","guid":{"rendered":"https:\/\/oves-geeb.eus\/?p=17003"},"modified":"2024-10-16T17:38:13","modified_gmt":"2024-10-16T15:38:13","slug":"valencia-acogio-el-congreso-nacional-sobre-fomento-de-la-economia-social-las-mejores-politicas-publicas-para-el-sector-por-una-prosperidad-inclusiva","status":"publish","type":"post","link":"https:\/\/oves-geeb.eus\/es\/valencia-acogio-el-congreso-nacional-sobre-fomento-de-la-economia-social-las-mejores-politicas-publicas-para-el-sector-por-una-prosperidad-inclusiva\/","title":{"rendered":"Valencia acogi\u00f3 el Congreso Nacional sobre Fomento de la Econom\u00eda Social: las mejores pol\u00edticas p\u00fablicas para el sector, por una prosperidad inclusiva"},"content":{"rendered":"\n<p>Valencia, Capital Espa\u00f1ola de la Econom\u00eda Social 2024, acogi\u00f3 los d\u00edas 26 y 27 de septiembre el \u2018Congreso Nacional sobre Fomento de la Econom\u00eda Social. Instrumentos Fiscales y de Pol\u00edticas P\u00fablicas\u2019. Dicho Congreso fue organizado por la asociaci\u00f3n cient\u00edfica CIRIEC-Espa\u00f1a, centro de referencia en la investigaci\u00f3n e informaci\u00f3n sobre la econom\u00eda social y cooperativa con sede en la Facultat d\u2019Economia UV, junto al Instituto Universitario de Investigaci\u00f3n en Econom\u00eda Social, Cooperativismo y Emprendimiento (IUDESCOOP) de la Universitat de Val\u00e8ncia (UV), y el Centro en Gesti\u00f3n de Empresas (CEGEA) de la Universitat Polit\u00e8cnica de Val\u00e8ncia (UPV).<\/p>\n\n\n\n<p>Programado en el contexto de dicha capitalidad, que tuvo como tema general \u201cLa administraci\u00f3n p\u00fablica y la econom\u00eda social: aliados para una prosperidad inclusiva\u201d. El Congreso cont\u00f3 con la participaci\u00f3n de m\u00e1s de 200 personas, entre ellos investigadores de 33 universidades; altos cargos y t\u00e9cnicos de 8 administraciones p\u00fablicas locales, auton\u00f3micas y del Ministerio de Trabajo y Econom\u00eda Social, y representantes del sector cooperativo y de la econom\u00eda social de diversas comunidades aut\u00f3nomas, Espa\u00f1a y el continente europeo.<\/p>\n\n\n\n<p>El acto inaugural tuvo lugar en el Paraninfo de la Universitat de Val\u00e8ncia. Este acto cont\u00f3 con las palabras de bienvenida de la Primera Teniente de Alcalde del Ayuntamiento de Val\u00e8ncia, M\u00aa Jos\u00e9 Ferrer San Segundo, que valor\u00f3 el \u201ctejido econ\u00f3mico y el ecosistema acad\u00e9mico\u201d del cooperativismo y la econom\u00eda social valenciana, que le han valido a Valencia para ostentar este a\u00f1o la Capitalidad Espa\u00f1ola de Econom\u00eda Social. Afirm\u00f3 que las administraciones valencianas se sienten totalmente comprometidas con este hito, que est\u00e1 generando numerosos encuentros, congresos y actos en la ciudad.<\/p>\n\n\n\n<p>A continuaci\u00f3n participaron en el acto inaugural la directora general de Econom\u00eda Social y RSE (Ministerio de Trabajo y Econom\u00eda Social), Aicha Belassir; la presidenta de CIRIEC-Espa\u00f1a, Adoraci\u00f3n Mozas, y el presidente del CIRIEC-Internacional, Bernard Thiry; el presidente de la Confederaci\u00f3n de Cooperativas de la Comunitat Valenciana, Emilio Sampedro; el presidente de la patronal espa\u00f1ola de la econom\u00eda social (CEPES) y europea (Social Economy Europe), Juan Antonio Pedre\u00f1o; el secretario auton\u00f3mico de Empleo (Generalitat Valenciana), Antonio Galva\u00f1, y el vicerrector de Econom\u00eda e Infraestructuras de la UV, Justo Herrera.<\/p>\n\n\n\n<p>Todos ellos pusieron de manifiesto el buen momento que vive el cooperativismo y la econom\u00eda social a nivel local, nacional e internacional, con numerosas resoluciones y manifiestos de organismos internacionales que la reconocen y fomentan; con un sector cada vez m\u00e1s vivo, organizado y con capacidad de interlocuci\u00f3n, y una comunidad cient\u00edfica creciente y unida en entidades y redes como CIRIEC.<\/p>\n\n\n\n<p>Fruto de toda esa actividad colectiva, cada vez m\u00e1s gobiernos est\u00e1n aprobando leyes y planes estrat\u00e9gicos para la econom\u00eda social, con distintas medidas de fomento y retos fiscales, que se debatieron durante estos d\u00edas en el Congreso. Se concluy\u00f3 que la mejor forma de construir pol\u00edticas p\u00fablicas es el di\u00e1logo entre Administraciones, Universidad y Empresas de Econom\u00eda Social.<\/p>\n\n\n\n<p>Fuente: CIRIEC<\/p>\n","protected":false},"excerpt":{"rendered":"<p>Valencia, Capital Espa\u00f1ola de la Econom\u00eda Social 2024, acogi\u00f3 los d\u00edas 26 y 27 de septiembre el \u2018Congreso Nacional sobre Fomento de la Econom\u00eda Social. Instrumentos Fiscales y de Pol\u00edticas P\u00fablicas\u2019. Dicho Congreso fue organizado por la asociaci\u00f3n cient\u00edfica CIRIEC-Espa\u00f1a, centro de referencia en la investigaci\u00f3n e informaci\u00f3n sobre la econom\u00eda social y cooperativa con &hellip; <a href=\"https:\/\/oves-geeb.eus\/es\/valencia-acogio-el-congreso-nacional-sobre-fomento-de-la-economia-social-las-mejores-politicas-publicas-para-el-sector-por-una-prosperidad-inclusiva\/\">Continuar leyendo<\/a><\/p>\n","protected":false},"author":3,"featured_media":16974,"comment_status":"open","ping_status":"open","sticky":false,"template":"","format":"standard","meta":{"footnotes":""},"categories":[2],"tags":[],"class_list":["post-17003","post","type-post","status-publish","format-standard","has-post-thumbnail","hentry","category-sin-categorizar"],"acf":[],"_links":{"self":[{"href":"https:\/\/oves-geeb.eus\/es\/wp-json\/wp\/v2\/posts\/17003","targetHints":{"allow":["GET"]}}],"collection":[{"href":"https:\/\/oves-geeb.eus\/es\/wp-json\/wp\/v2\/posts"}],"about":[{"href":"https:\/\/oves-geeb.eus\/es\/wp-json\/wp\/v2\/types\/post"}],"author":[{"embeddable":true,"href":"https:\/\/oves-geeb.eus\/es\/wp-json\/wp\/v2\/users\/3"}],"replies":[{"embeddable":true,"href":"https:\/\/oves-geeb.eus\/es\/wp-json\/wp\/v2\/comments?post=17003"}],"version-history":[{"count":1,"href":"https:\/\/oves-geeb.eus\/es\/wp-json\/wp\/v2\/posts\/17003\/revisions"}],"predecessor-version":[{"id":17004,"href":"https:\/\/oves-geeb.eus\/es\/wp-json\/wp\/v2\/posts\/17003\/revisions\/17004"}],"wp:featuredmedia":[{"embeddable":true,"href":"https:\/\/oves-geeb.eus\/es\/wp-json\/wp\/v2\/media\/16974"}],"wp:attachment":[{"href":"https:\/\/oves-geeb.eus\/es\/wp-json\/wp\/v2\/media?parent=17003"}],"wp:term":[{"taxonomy":"category","embeddable":true,"href":"https:\/\/oves-geeb.eus\/es\/wp-json\/wp\/v2\/categories?post=17003"},{"taxonomy":"post_tag","embeddable":true,"href":"https:\/\/oves-geeb.eus\/es\/wp-json\/wp\/v2\/tags?post=17003"}],"curies":[{"name":"wp","href":"https:\/\/api.w.org\/{rel}","templated":true}]}}