{"id":16816,"date":"2024-07-24T08:30:00","date_gmt":"2024-07-24T06:30:00","guid":{"rendered":"https:\/\/oves-geeb.eus\/el-consejo-de-gobierno-aprueba-ayudas-para-el-impulso-de-la-economia-social-por-valor-de-685-800-euros\/"},"modified":"2024-07-22T11:33:25","modified_gmt":"2024-07-22T09:33:25","slug":"el-consejo-de-gobierno-aprueba-ayudas-para-el-impulso-de-la-economia-social-por-valor-de-685-800-euros","status":"publish","type":"post","link":"https:\/\/oves-geeb.eus\/es\/el-consejo-de-gobierno-aprueba-ayudas-para-el-impulso-de-la-economia-social-por-valor-de-685-800-euros\/","title":{"rendered":"El Consejo de Gobierno aprueba ayudas para el impulso de la Econom\u00eda Social por valor de 685.800 euros"},"content":{"rendered":"\n<p>El Consejo de Gobierno, a propuesta del Vicelehendakari y consejero de Econom\u00eda, Trabajo y Empleo, Mikel Torres, ha aprobado una orden de ayudas por valor de 685.8000 euros para impulsar la econom\u00eda social mediante la consolidaci\u00f3n de las estructuras asociativas de empresas y entidades. <\/p>\n\n\n\n<p>En concreto se trata de una a convocatoria que persigue la consolidaci\u00f3n de las estructuras asociativas de las empresas y entidades de econom\u00eda social de la Comunidad Aut\u00f3noma de Euskadi que, contando con personalidad jur\u00eddica propia, asocien, para la representaci\u00f3n y defensa de sus intereses comunes, a Sociedades Laborales y a cooperativas de trabajo asociado; cooperativas distintas de las de trabajo asociado, entidades asociativas de car\u00e1cter confederal y organizaciones de integraci\u00f3n de entidades de econom\u00eda social; entidades asociativas de la econom\u00eda solidaria y asociaciones de los centros especiales de empleo; y organizaciones intersectoriales de trabajadores aut\u00f3nomos que tengan al menos dos a\u00f1os de antig\u00fcedad.<\/p>\n\n\n\n<p><strong>Lanbide ampl\u00eda en 400.000\u20ac las subvenciones para proyectos de acompa\u00f1amiento para la inserci\u00f3n sociolaboral de personas en riesgo de exclusi\u00f3n <\/strong><\/p>\n\n\n\n<p>Esta decisi\u00f3n supone aumentar en 6 meses el plazo de ejecuci\u00f3n de dichos programas y garantizar as\u00ed la eficaz prestaci\u00f3n del apoyo requerido por las personas beneficiarias<\/p>\n\n\n\n<p>El Servicio Vasco de Empleo Lanbide ha acordado ampliar en 396.463,07 euros la cuant\u00eda total de las subvenciones para financiar diversos programas experimentales de acompa\u00f1amiento para la inclusi\u00f3n sociolaboral de personas en situaci\u00f3n o riesgo de exclusi\u00f3n. Gracias a esta decisi\u00f3n se podr\u00e1 financiar durante seis meses m\u00e1s la ejecuci\u00f3n de estos proyectos de itinerarios mixtos y garantizar la eficaz prestaci\u00f3n del apoyo requerido por las personas beneficiarias.<\/p>\n\n\n\n<p>La ampliaci\u00f3n de estas subvenciones directas tiene dos objetivos principales. Por un lado, incrementar el periodo de acompa\u00f1amiento inicialmente previsto para garantizar la mejora de la empleabilidad y calidad de vida de las personas destinatarias y no romper los procesos de acompa\u00f1amiento iniciados. Por otro lado, incidir en la importancia de la coordinaci\u00f3n intersistema para poner en marcha programas dirigidos a fomentar el empleo de colectivos de atenci\u00f3n prioritaria, siguiendo as\u00ed las previsiones contenidas en la Ley de Empleo 15\/2023.<\/p>\n\n\n\n<p>El riesgo de desigualdad y exclusi\u00f3n al que se enfrenta la sociedad vasca hace preciso el desarrollo de estrategias para hacerle frente, reforzando el sistema de inclusi\u00f3n y a los agentes que lo estructuran para mantener la protecci\u00f3n de la poblaci\u00f3n m\u00e1s vulnerable, cuyas necesidades han aumentado a consecuencia de la situaci\u00f3n de crisis que se viene viviendo en los \u00faltimos a\u00f1os.<\/p>\n\n\n\n<p>Por tanto, continuar apoyando el desarrollo y ejecuci\u00f3n de proyectos de estas caracter\u00edsticas contribuye a paliar dichas consecuencias a trav\u00e9s de un trabajo en red que atienda las m\u00faltiples necesidades de las personas con diversas vulnerabilidades.<\/p>\n\n\n\n<p><\/p>\n\n\n\n<p>Fuente: Irekia<\/p>\n","protected":false},"excerpt":{"rendered":"<p>El Consejo de Gobierno, a propuesta del Vicelehendakari y consejero de Econom\u00eda, Trabajo y Empleo, Mikel Torres, ha aprobado una orden de ayudas por valor de 685.8000 euros para impulsar la econom\u00eda social mediante la consolidaci\u00f3n de las estructuras asociativas de empresas y entidades. En concreto se trata de una a convocatoria que persigue la &hellip; <a href=\"https:\/\/oves-geeb.eus\/es\/el-consejo-de-gobierno-aprueba-ayudas-para-el-impulso-de-la-economia-social-por-valor-de-685-800-euros\/\">Continuar leyendo<\/a><\/p>\n","protected":false},"author":3,"featured_media":16718,"comment_status":"open","ping_status":"open","sticky":false,"template":"","format":"standard","meta":{"footnotes":""},"categories":[2],"tags":[],"class_list":["post-16816","post","type-post","status-publish","format-standard","has-post-thumbnail","hentry","category-sin-categorizar"],"acf":[],"_links":{"self":[{"href":"https:\/\/oves-geeb.eus\/es\/wp-json\/wp\/v2\/posts\/16816","targetHints":{"allow":["GET"]}}],"collection":[{"href":"https:\/\/oves-geeb.eus\/es\/wp-json\/wp\/v2\/posts"}],"about":[{"href":"https:\/\/oves-geeb.eus\/es\/wp-json\/wp\/v2\/types\/post"}],"author":[{"embeddable":true,"href":"https:\/\/oves-geeb.eus\/es\/wp-json\/wp\/v2\/users\/3"}],"replies":[{"embeddable":true,"href":"https:\/\/oves-geeb.eus\/es\/wp-json\/wp\/v2\/comments?post=16816"}],"version-history":[{"count":2,"href":"https:\/\/oves-geeb.eus\/es\/wp-json\/wp\/v2\/posts\/16816\/revisions"}],"predecessor-version":[{"id":16818,"href":"https:\/\/oves-geeb.eus\/es\/wp-json\/wp\/v2\/posts\/16816\/revisions\/16818"}],"wp:featuredmedia":[{"embeddable":true,"href":"https:\/\/oves-geeb.eus\/es\/wp-json\/wp\/v2\/media\/16718"}],"wp:attachment":[{"href":"https:\/\/oves-geeb.eus\/es\/wp-json\/wp\/v2\/media?parent=16816"}],"wp:term":[{"taxonomy":"category","embeddable":true,"href":"https:\/\/oves-geeb.eus\/es\/wp-json\/wp\/v2\/categories?post=16816"},{"taxonomy":"post_tag","embeddable":true,"href":"https:\/\/oves-geeb.eus\/es\/wp-json\/wp\/v2\/tags?post=16816"}],"curies":[{"name":"wp","href":"https:\/\/api.w.org\/{rel}","templated":true}]}}