{"id":16811,"date":"2024-07-24T08:45:00","date_gmt":"2024-07-24T06:45:00","guid":{"rendered":"https:\/\/oves-geeb.eus\/curso-sobre-personas-mediadoras-en-el-ambito-cooperativo\/"},"modified":"2024-07-22T11:28:34","modified_gmt":"2024-07-22T09:28:34","slug":"curso-sobre-personas-mediadoras-en-el-ambito-cooperativo","status":"publish","type":"post","link":"https:\/\/oves-geeb.eus\/es\/curso-sobre-personas-mediadoras-en-el-ambito-cooperativo\/","title":{"rendered":"Curso sobre personas mediadoras en el \u00e1mbito cooperativo"},"content":{"rendered":"\n<p>El Consejo de Cooperativas ha organizado un curso de formaci\u00f3n semipresencial de personas mediadoras en el \u00e1mbito cooperativo. Este curso da acceso al Registro de Personas Mediadoras del Consejo Superior de Cooperativas de Euskadi.<\/p>\n\n\n\n<p>El objetivo del curso es capacitar t\u00e9cnicamente a profesionales para gestionar tanto a las personas como a las situaciones de conflicto que pudiesen existir en las organizaciones, consiguiendo entidades efectivas, productivas y saludables.<\/p>\n\n\n\n<p>Se trata de una formaci\u00f3n subvencionada con una duraci\u00f3n de 100 horas (35 presenciales y el resto on line), comenzando el 2 de octubre. Ser\u00e1 impartido por la Fundaci\u00f3n GizaGune.<\/p>\n\n\n\n<p>El curso de formaci\u00f3n de mediadores en cooperaci\u00f3n est\u00e1 dirigido a responsables y mandos intermedios y asesores externos que deben atender situaciones de conflicto en las cooperativas.<\/p>\n\n\n\n<p>Precio final: 125 euros. Plazas limitadas. Info: info@kooperatibenkontseilua.eus (945 12 11 55).<\/p>\n\n\n\n<p><strong>Programa:<\/strong><\/p>\n\n\n\n<p>M\u00f3dulo 1: El entorno cooperativo y sus conflictos<\/p>\n\n\n\n<p>M\u00f3dulo 2: Mediaci\u00f3n y otros procesos de gesti\u00f3n de conflictos<\/p>\n\n\n\n<p>M\u00f3dulo 3: Aspectos generales del conflicto en las cooperativas<\/p>\n\n\n\n<p>M\u00f3dulo 4: Gesti\u00f3n de los conflictos en las cooperativas<\/p>\n\n\n\n<p>M\u00f3dulo 5: Herramientas y habilidades de mediaci\u00f3n<\/p>\n\n\n\n<p>Profesorado: M\u00aa Eugenia Ramos P\u00e9rez y Yolanda Mu\u00f1oz Hern\u00e1n.<\/p>\n\n\n\n<p><strong>Calendario:<\/strong><\/p>\n\n\n\n<p>La fecha de inicio es el 2 de octubre y finaliza el 27 de noviembre de 2024.<\/p>\n\n\n\n<p>35 horas presenciales. Las jornadas presenciales ser\u00e1n los d\u00edas 2 y 16 de octubre, y el 13 y 27 de noviembre, en horario de 10:00 a 14:00 horas y de 15:00 a 18:00 horas<\/p>\n\n\n\n<p>M\u00e1s informaci\u00f3n <a href=\"https:\/\/kooperatibenkontseilua.eus\/wp-content\/uploads\/2024\/07\/Uztailak16CAST.pdf\">aqu\u00ed <\/a><\/p>\n\n\n\n<p>Fuente: Kooperatiben Kontseilua<\/p>\n","protected":false},"excerpt":{"rendered":"<p>El Consejo de Cooperativas ha organizado un curso de formaci\u00f3n semipresencial de personas mediadoras en el \u00e1mbito cooperativo. Este curso da acceso al Registro de Personas Mediadoras del Consejo Superior de Cooperativas de Euskadi. El objetivo del curso es capacitar t\u00e9cnicamente a profesionales para gestionar tanto a las personas como a las situaciones de conflicto &hellip; <a href=\"https:\/\/oves-geeb.eus\/es\/curso-sobre-personas-mediadoras-en-el-ambito-cooperativo\/\">Continuar leyendo<\/a><\/p>\n","protected":false},"author":3,"featured_media":16809,"comment_status":"open","ping_status":"open","sticky":false,"template":"","format":"standard","meta":{"footnotes":""},"categories":[2],"tags":[],"class_list":["post-16811","post","type-post","status-publish","format-standard","has-post-thumbnail","hentry","category-sin-categorizar"],"acf":[],"_links":{"self":[{"href":"https:\/\/oves-geeb.eus\/es\/wp-json\/wp\/v2\/posts\/16811","targetHints":{"allow":["GET"]}}],"collection":[{"href":"https:\/\/oves-geeb.eus\/es\/wp-json\/wp\/v2\/posts"}],"about":[{"href":"https:\/\/oves-geeb.eus\/es\/wp-json\/wp\/v2\/types\/post"}],"author":[{"embeddable":true,"href":"https:\/\/oves-geeb.eus\/es\/wp-json\/wp\/v2\/users\/3"}],"replies":[{"embeddable":true,"href":"https:\/\/oves-geeb.eus\/es\/wp-json\/wp\/v2\/comments?post=16811"}],"version-history":[{"count":2,"href":"https:\/\/oves-geeb.eus\/es\/wp-json\/wp\/v2\/posts\/16811\/revisions"}],"predecessor-version":[{"id":16813,"href":"https:\/\/oves-geeb.eus\/es\/wp-json\/wp\/v2\/posts\/16811\/revisions\/16813"}],"wp:featuredmedia":[{"embeddable":true,"href":"https:\/\/oves-geeb.eus\/es\/wp-json\/wp\/v2\/media\/16809"}],"wp:attachment":[{"href":"https:\/\/oves-geeb.eus\/es\/wp-json\/wp\/v2\/media?parent=16811"}],"wp:term":[{"taxonomy":"category","embeddable":true,"href":"https:\/\/oves-geeb.eus\/es\/wp-json\/wp\/v2\/categories?post=16811"},{"taxonomy":"post_tag","embeddable":true,"href":"https:\/\/oves-geeb.eus\/es\/wp-json\/wp\/v2\/tags?post=16811"}],"curies":[{"name":"wp","href":"https:\/\/api.w.org\/{rel}","templated":true}]}}