{"id":15040,"date":"2023-03-31T09:45:00","date_gmt":"2023-03-31T07:45:00","guid":{"rendered":"https:\/\/oves-geeb.eus\/gizatea-celebra-la-jornada-oportunidades-para-la-creacion-de-empresas-de-insercion-en-euskadi\/"},"modified":"2023-03-31T11:52:02","modified_gmt":"2023-03-31T09:52:02","slug":"gizatea-celebra-la-jornada-oportunidades-para-la-creacion-de-empresas-de-insercion-en-euskadi","status":"publish","type":"post","link":"https:\/\/oves-geeb.eus\/es\/gizatea-celebra-la-jornada-oportunidades-para-la-creacion-de-empresas-de-insercion-en-euskadi\/","title":{"rendered":"Gizatea celebra la jornada \u00abOportunidades para la creaci\u00f3n de Empresas de Inserci\u00f3n en Euskadi\u00bb"},"content":{"rendered":"\n<p>Durante la ma\u00f1ana del pasado d\u00eda 15 de marzo, Gizatea celebr\u00f3 la jornada \u00abOportunidades para la creaci\u00f3n de Empresas de Inserci\u00f3n en Euskadi\u00bb, en el Palacio de congresos Europa, de Vitoria-Gasteiz.\r\n\r\n<\/p>\n\n\n\n<p>La jornada tuvo por objetivo presentar los avances que el proyecto Euskad(IN)klusiboa ha tenido durante 2022, presentar los objetivos para 2023 y conocer experiencias inspiradoras de otros territorios.<\/p>\n\n\n\n<p>La apertura e inauguraci\u00f3n del acto estuvo a cargo de Idoia Mend\u00eda, Vicelehendakari y Consejera de Trabajo y Empleo de Gobierno Vasco qui\u00e9n subray\u00f3 la importancia de \u00abprepararse para un futuro mejor, m\u00e1s inclusivo y en el que las oportunidades lleguen a todas las personas\u00bb. Le acompa\u00f1\u00f3 Marijose Rodrigo, presidenta de Gizatea, quien agradeci\u00f3 al Departamento de Trabajo y Empleo su colaboraci\u00f3n. Tambi\u00e9n puso en valor, una vez m\u00e1s, el trabajo que d\u00eda a d\u00eda realizan las empresas de inserci\u00f3n como agentes econ\u00f3micos, agentes que crean oportunidades para quienes m\u00e1s lo necesitan y que lo hacen, adem\u00e1s, en colaboraci\u00f3n y cooperaci\u00f3n con los dem\u00e1s agentes de su entorno.\r\n<\/p>\n\n\n\n<p>En la primera parte de la jornada, Miren Urkizu, t\u00e9cnica de Gizatea, puso el foco en la difusi\u00f3n de los avances del proyecto durante 2022, es decir, de las oportunidades de colaboraci\u00f3n p\u00fablico-privada identificadas para la creaci\u00f3n de empresas de inserci\u00f3n. Acompa\u00f1ada de Auxtin Ortiz, administrador de Lanagro, empresa de inserci\u00f3n de reciente calificaci\u00f3n, quien present\u00f3 este proyecto de servicios al primer sector en la comarca de rioja alavesa.\r\n<\/p>\n\n\n\n<p>Ondoren, esperientzien mahaiari ekin zioten. Enplegu inklusiboarekin lotutako hiru proiektuk osatu zuten mahaia:<\/p>\n\n\n\n<p>Integra todos. Segurako mendilerroan, Albaceten, kokatutako laneratze-enpresa bat, landa-ingurunean aktibazio ekonomikoa dakarrena. Mar Gonz\u00e1lez enpresako gerenteak esperientzia hurbildu zuen.<\/p>\n\n\n\n<p>\u2022\tHaz Solar. Una iniciativa entre entidades de Madrid, para la creaci\u00f3n de empleo inclusivo en el sector de las energ\u00edas renovables. Present\u00f3 el proyecto Elena Gil, de la Fundaci\u00f3n San Mart\u00edn de Porres.\r\n<\/p>\n\n\n\n<p>Integrados. Villenatik, Alacantetik, ekonomia zirkularrarekin eta errefusako plastikoaren errebalorizazioarekin lotutako esperientzia hau ezagutu zuten, Paco Punzano zuzendariaren eskutik.<\/p>\n\n\n\n<p>Topaketaren hurrengo zatian, laneratzeko enpresa bat sortzeko eta kalifikatzeko prozesua aurkeztu zen. Horretarako, Joana Revilla Gizateako koordinatzaileak Zabalduz Kooperatibako Andoni Zulaikaren eta Susana Rabu\u00f1al Lanbideko laneratze-enpresen arloko teknikariaren arteko elkarrizketa dinamizatu zuen, eta haiekin izan ziren laneratzeko enpresa bat sortzeko eta kalifikatzeko prozesua gertutik ezagutzeko.<\/p>\n\n\n\n<p>Para el cierre de la jornada se cont\u00f3 con la intervenci\u00f3n de Paco Pedraza, director de Empleo e Inclusi\u00f3n de Gobierno Vasco, quien puso en valor la colaboraci\u00f3n del Departamento de Trabajo y Empleo con Gizatea. Estuvo acompa\u00f1ado de Joana Revilla, qui\u00e9n subray\u00f3 la importancia de las Entidades Promotoras como motor de la creaci\u00f3n de nuevas empresas de inserci\u00f3n o nuevas l\u00edneas en empresas existentes\r\n<\/p>\n\n\n\n<p>Fuente: Gizatea<\/p>\n","protected":false},"excerpt":{"rendered":"<p>Durante la ma\u00f1ana del pasado d\u00eda 15 de marzo, Gizatea celebr\u00f3 la jornada \u00abOportunidades para la creaci\u00f3n de Empresas de Inserci\u00f3n en Euskadi\u00bb, en el Palacio de congresos Europa, de Vitoria-Gasteiz. La jornada tuvo por objetivo presentar los avances que el proyecto Euskad(IN)klusiboa ha tenido durante 2022, presentar los objetivos para 2023 y conocer experiencias &hellip; <a href=\"https:\/\/oves-geeb.eus\/es\/gizatea-celebra-la-jornada-oportunidades-para-la-creacion-de-empresas-de-insercion-en-euskadi\/\">Continuar leyendo<\/a><\/p>\n","protected":false},"author":3,"featured_media":15033,"comment_status":"open","ping_status":"open","sticky":false,"template":"","format":"standard","meta":{"footnotes":""},"categories":[2],"tags":[],"class_list":["post-15040","post","type-post","status-publish","format-standard","has-post-thumbnail","hentry","category-sin-categorizar"],"acf":[],"_links":{"self":[{"href":"https:\/\/oves-geeb.eus\/es\/wp-json\/wp\/v2\/posts\/15040","targetHints":{"allow":["GET"]}}],"collection":[{"href":"https:\/\/oves-geeb.eus\/es\/wp-json\/wp\/v2\/posts"}],"about":[{"href":"https:\/\/oves-geeb.eus\/es\/wp-json\/wp\/v2\/types\/post"}],"author":[{"embeddable":true,"href":"https:\/\/oves-geeb.eus\/es\/wp-json\/wp\/v2\/users\/3"}],"replies":[{"embeddable":true,"href":"https:\/\/oves-geeb.eus\/es\/wp-json\/wp\/v2\/comments?post=15040"}],"version-history":[{"count":2,"href":"https:\/\/oves-geeb.eus\/es\/wp-json\/wp\/v2\/posts\/15040\/revisions"}],"predecessor-version":[{"id":15042,"href":"https:\/\/oves-geeb.eus\/es\/wp-json\/wp\/v2\/posts\/15040\/revisions\/15042"}],"wp:featuredmedia":[{"embeddable":true,"href":"https:\/\/oves-geeb.eus\/es\/wp-json\/wp\/v2\/media\/15033"}],"wp:attachment":[{"href":"https:\/\/oves-geeb.eus\/es\/wp-json\/wp\/v2\/media?parent=15040"}],"wp:term":[{"taxonomy":"category","embeddable":true,"href":"https:\/\/oves-geeb.eus\/es\/wp-json\/wp\/v2\/categories?post=15040"},{"taxonomy":"post_tag","embeddable":true,"href":"https:\/\/oves-geeb.eus\/es\/wp-json\/wp\/v2\/tags?post=15040"}],"curies":[{"name":"wp","href":"https:\/\/api.w.org\/{rel}","templated":true}]}}