{"id":13618,"date":"2022-05-13T09:45:00","date_gmt":"2022-05-13T07:45:00","guid":{"rendered":"https:\/\/oves-geeb.eus\/dia-del-tercer-sector-social-de-euskadi-2\/"},"modified":"2022-05-13T10:53:23","modified_gmt":"2022-05-13T08:53:23","slug":"dia-del-tercer-sector-social-de-euskadi-2","status":"publish","type":"post","link":"https:\/\/oves-geeb.eus\/es\/dia-del-tercer-sector-social-de-euskadi-2\/","title":{"rendered":"D\u00eda del Tercer Sector Social de Euskadi"},"content":{"rendered":"\n<p>El mi\u00e9rcoles 11 de mayo se celebr\u00f3 la sexta edici\u00f3n del d\u00eda del Tercer Sector Social de Euskadi que se organiz\u00f3 en el Museo Artium de Vitoria-Gazteiz.\n<\/p>\n\n\n\n<p>El Tercer Sector Social est\u00e1 integrado por organizaciones de iniciativa ciudadana sin \u00e1nimo de lucro cuya finalidad es promover la inclusi\u00f3n social y el ejercicio efectivo de los derechos de las personas, familias, colectivos y comunidades que afrontan situaciones de vulnerabilidad o exclusi\u00f3n, desprotecci\u00f3n, discapacidad y\/o dependencia.\n<\/p>\n\n\n\n<p>Esta, es una jornada para juntar y visibilizar y apoyar el trabajo que cada d\u00eda realizan las casi 4.000 entidades vascas en favor de una sociedad cohesionada, inclusiva, solidaria y participativa. Actualmente da empleo a m\u00e1s de 38.000 personas, participan 138.000 personas voluntarias, y gestiona un volumen econ\u00f3mico equivalente al 2,3% del PIB vasco.\n<\/p>\n\n\n\n<p>Como todos los a\u00f1os, se organiz\u00f3 una actividad participativa previa al D\u00eda del Tercer Sector Social de Euskadi. Una actividad abierta a toda la ciudadan\u00eda, que en esta ocasi\u00f3n consisti\u00f3 en pintar un mural reivindicando la transformaci\u00f3n social.\n<\/p>\n\n\n\n<p>En el acto se ha entregado el premio Sareen Saria a Juan Cid Pardo, vinculado desde hace 30 a\u00f1os al movimiento asociativo en el \u00e1mbito del autismo. En Euskadi ha estado vinculado a Gautena y a FEVAS Plena Inclusi\u00f3n Euskadi, de las que ha sido presidente y tambi\u00e9n como miembro del patronato de Gertuan Fundazioa. Al acto asistieron en representaci\u00f3n de las instituciones el Lehendakari I\u00f1igo Urkullu y la Consejera Beatriz Artolazabal. <\/p>\n\n\n\n<p>Fuente: Sareen Sarea + Irekia<\/p>\n","protected":false},"excerpt":{"rendered":"<p>El mi\u00e9rcoles 11 de mayo se celebr\u00f3 la sexta edici\u00f3n del d\u00eda del Tercer Sector Social de Euskadi que se organiz\u00f3 en el Museo Artium de Vitoria-Gazteiz. El Tercer Sector Social est\u00e1 integrado por organizaciones de iniciativa ciudadana sin \u00e1nimo de lucro cuya finalidad es promover la inclusi\u00f3n social y el ejercicio efectivo de los &hellip; <a href=\"https:\/\/oves-geeb.eus\/es\/dia-del-tercer-sector-social-de-euskadi-2\/\">Continuar leyendo<\/a><\/p>\n","protected":false},"author":3,"featured_media":13614,"comment_status":"open","ping_status":"open","sticky":false,"template":"","format":"standard","meta":{"footnotes":""},"categories":[2],"tags":[],"class_list":["post-13618","post","type-post","status-publish","format-standard","has-post-thumbnail","hentry","category-sin-categorizar"],"acf":[],"_links":{"self":[{"href":"https:\/\/oves-geeb.eus\/es\/wp-json\/wp\/v2\/posts\/13618","targetHints":{"allow":["GET"]}}],"collection":[{"href":"https:\/\/oves-geeb.eus\/es\/wp-json\/wp\/v2\/posts"}],"about":[{"href":"https:\/\/oves-geeb.eus\/es\/wp-json\/wp\/v2\/types\/post"}],"author":[{"embeddable":true,"href":"https:\/\/oves-geeb.eus\/es\/wp-json\/wp\/v2\/users\/3"}],"replies":[{"embeddable":true,"href":"https:\/\/oves-geeb.eus\/es\/wp-json\/wp\/v2\/comments?post=13618"}],"version-history":[{"count":3,"href":"https:\/\/oves-geeb.eus\/es\/wp-json\/wp\/v2\/posts\/13618\/revisions"}],"predecessor-version":[{"id":13638,"href":"https:\/\/oves-geeb.eus\/es\/wp-json\/wp\/v2\/posts\/13618\/revisions\/13638"}],"wp:featuredmedia":[{"embeddable":true,"href":"https:\/\/oves-geeb.eus\/es\/wp-json\/wp\/v2\/media\/13614"}],"wp:attachment":[{"href":"https:\/\/oves-geeb.eus\/es\/wp-json\/wp\/v2\/media?parent=13618"}],"wp:term":[{"taxonomy":"category","embeddable":true,"href":"https:\/\/oves-geeb.eus\/es\/wp-json\/wp\/v2\/categories?post=13618"},{"taxonomy":"post_tag","embeddable":true,"href":"https:\/\/oves-geeb.eus\/es\/wp-json\/wp\/v2\/tags?post=13618"}],"curies":[{"name":"wp","href":"https:\/\/api.w.org\/{rel}","templated":true}]}}