{"id":10552,"date":"2019-05-31T09:45:43","date_gmt":"2019-05-31T07:45:43","guid":{"rendered":"http:\/\/oves-geeb.eus\/?p=10552"},"modified":"2019-05-31T10:15:55","modified_gmt":"2019-05-31T08:15:55","slug":"11-anos-desde-la-entrada-en-vigor-de-la-convencion-de-los-derechos-de-las-personas-con-discapacidad","status":"publish","type":"post","link":"https:\/\/oves-geeb.eus\/es\/11-anos-desde-la-entrada-en-vigor-de-la-convencion-de-los-derechos-de-las-personas-con-discapacidad\/","title":{"rendered":"11 a\u00f1os desde la entrada en vigor de la Convenci\u00f3n de los Derechos de las Personas con Discapacidad"},"content":{"rendered":"<p>Es un instrumento internacional de derechos humanos de las Naciones destinada a proteger los derechos y la dignidad de las personas con discapacidad. Partes en la Convenci\u00f3n tienen la obligaci\u00f3n de promover, proteger y garantizar el pleno disfrute de los derechos humanos de las personas con discapacidad y garantizar que gocen de plena igualdad ante la ley.<\/p>\n<p>La Convenci\u00f3n fue aprobada por la Asamblea General de la ONU el 13 de diciembre de 2006. El estado espa\u00f1ol la ratific\u00f3 en 2007 y el 3 de mayo de 2008 entr\u00f3 en vigor, pasando a formar parte de su ordenamiento jur\u00eddico.<\/p>\n<p>Este tratado supone la consagraci\u00f3n del enfoque de derechos de este colectivo y considera a las personas con discapacidad como sujetos titulares de derechos, mientras que el Estado est\u00e1 obligado a garantizar que el ejercicio de los mismos sea pleno y efectivo.<\/p>\n<h6><em>Comparecencia de EHLABE en la Comisi\u00f3n de Empleo, Pol\u00edticas Sociales y Juventud<\/em><\/h6>\n<p>El pasado 7 de mayo EHLABE (Euskal Herriko Lan Babestuaren Elkartea) compareci\u00f3 ante la Comisi\u00f3n de Empleo, Pol\u00edticas Sociales y Juventud, a petici\u00f3n de la misma para exponer el modelo de inclusi\u00f3n sociolaboral de personas con discapacidad en la CAPV, la situaci\u00f3n actual y los retos de futuro del sector en relaci\u00f3n al empleo del colectivo;<\/p>\n<p>Tambi\u00e9n compareci\u00f3 ante la misma comisi\u00f3n la asociaci\u00f3n BIS Txokobide, para lograr la unanimidad en la moci\u00f3n para que el Parlamento Vasco haga una investigaci\u00f3n y un proyecto piloto en las tres provincias vascas sobre \u201ccambiadores inclusivos\u201d.<\/p>\n<p>Fuente: Eusko Legebiltzarra, Federaci\u00f3n aspace<\/p>\n","protected":false},"excerpt":{"rendered":"<p>Es un instrumento internacional de derechos humanos de las Naciones destinada a proteger los derechos y la dignidad de las personas con discapacidad. Partes en la Convenci\u00f3n tienen la obligaci\u00f3n de promover, proteger y garantizar el pleno disfrute de los derechos humanos de las personas con discapacidad y garantizar que gocen de plena igualdad ante &hellip; <a href=\"https:\/\/oves-geeb.eus\/es\/11-anos-desde-la-entrada-en-vigor-de-la-convencion-de-los-derechos-de-las-personas-con-discapacidad\/\">Continuar leyendo<\/a><\/p>\n","protected":false},"author":3,"featured_media":10550,"comment_status":"open","ping_status":"open","sticky":false,"template":"","format":"standard","meta":{"footnotes":""},"categories":[2],"tags":[],"class_list":["post-10552","post","type-post","status-publish","format-standard","has-post-thumbnail","hentry","category-sin-categorizar"],"acf":[],"_links":{"self":[{"href":"https:\/\/oves-geeb.eus\/es\/wp-json\/wp\/v2\/posts\/10552","targetHints":{"allow":["GET"]}}],"collection":[{"href":"https:\/\/oves-geeb.eus\/es\/wp-json\/wp\/v2\/posts"}],"about":[{"href":"https:\/\/oves-geeb.eus\/es\/wp-json\/wp\/v2\/types\/post"}],"author":[{"embeddable":true,"href":"https:\/\/oves-geeb.eus\/es\/wp-json\/wp\/v2\/users\/3"}],"replies":[{"embeddable":true,"href":"https:\/\/oves-geeb.eus\/es\/wp-json\/wp\/v2\/comments?post=10552"}],"version-history":[{"count":1,"href":"https:\/\/oves-geeb.eus\/es\/wp-json\/wp\/v2\/posts\/10552\/revisions"}],"predecessor-version":[{"id":10553,"href":"https:\/\/oves-geeb.eus\/es\/wp-json\/wp\/v2\/posts\/10552\/revisions\/10553"}],"wp:featuredmedia":[{"embeddable":true,"href":"https:\/\/oves-geeb.eus\/es\/wp-json\/wp\/v2\/media\/10550"}],"wp:attachment":[{"href":"https:\/\/oves-geeb.eus\/es\/wp-json\/wp\/v2\/media?parent=10552"}],"wp:term":[{"taxonomy":"category","embeddable":true,"href":"https:\/\/oves-geeb.eus\/es\/wp-json\/wp\/v2\/categories?post=10552"},{"taxonomy":"post_tag","embeddable":true,"href":"https:\/\/oves-geeb.eus\/es\/wp-json\/wp\/v2\/tags?post=10552"}],"curies":[{"name":"wp","href":"https:\/\/api.w.org\/{rel}","templated":true}]}}