{"id":10163,"date":"2019-02-28T10:30:59","date_gmt":"2019-02-28T09:30:59","guid":{"rendered":"http:\/\/oves-geeb.eus\/?p=10163"},"modified":"2019-02-28T10:17:45","modified_gmt":"2019-02-28T09:17:45","slug":"la-diputacion-foral-de-bizkaia-estudia-a-izar-como-ejemplo-para-otras-empresas-del-territorio","status":"publish","type":"post","link":"https:\/\/oves-geeb.eus\/es\/la-diputacion-foral-de-bizkaia-estudia-a-izar-como-ejemplo-para-otras-empresas-del-territorio\/","title":{"rendered":"La Diputaci\u00f3n Foral de Bizkaia estudia a IZAR como ejemplo para otras empresas del Territorio"},"content":{"rendered":"<p>Imanol Pradales, diputado de desarrollo econ\u00f3mico y territorial, acompa\u00f1ado del director y subdirector del \u00e1rea, visitaron el d\u00eda 31 de enero, las instalaciones de IZAR Cutting Tools SAL, en Boroa, Bizkaia.<\/p>\n<p>En la visita, tambi\u00e9n estuvo presente Ainara Basurko, directora general de BEAZ, que es la sociedad p\u00fablica \u2013dependiente de la diputaci\u00f3n vizca\u00edna- que da apoyo a empresas y personas emprendedoras, en su esfuerzo por crear nuevos proyectos, innovar e internacionalizarse.<\/p>\n<p>M\u00e1s en concreto, el inter\u00e9s de BEAZ por el fabricante de herramienta de corte de Amorebieta se enfoca en la relaci\u00f3n de IZAR con el proyecto DRIVE, centrado en el estudio de pymes industriales vizca\u00ednas con una historia, producto y tecnolog\u00eda estrella, adem\u00e1s de un alto nivel de exportaci\u00f3n, que les permite tener una posici\u00f3n relevante, un crecimiento sostenido y una rentabilidad superior a la media de su sector.<\/p>\n<p>IZAR cumple con los requisitos para que el gobierno foral est\u00e9 interesado en estudiar las razones de su \u00e9xito, con el fin de transmitir m\u00e1s adelante ese buen hacer a una nueva generaci\u00f3n empresarial.<\/p>\n<p>Fuente: ASLE<\/p>\n","protected":false},"excerpt":{"rendered":"<p>Imanol Pradales, diputado de desarrollo econ\u00f3mico y territorial, acompa\u00f1ado del director y subdirector del \u00e1rea, visitaron el d\u00eda 31 de enero, las instalaciones de IZAR Cutting Tools SAL, en Boroa, Bizkaia. En la visita, tambi\u00e9n estuvo presente Ainara Basurko, directora general de BEAZ, que es la sociedad p\u00fablica \u2013dependiente de la diputaci\u00f3n vizca\u00edna- que da &hellip; <a href=\"https:\/\/oves-geeb.eus\/es\/la-diputacion-foral-de-bizkaia-estudia-a-izar-como-ejemplo-para-otras-empresas-del-territorio\/\">Continuar leyendo<\/a><\/p>\n","protected":false},"author":3,"featured_media":10165,"comment_status":"open","ping_status":"open","sticky":false,"template":"","format":"standard","meta":{"footnotes":""},"categories":[2],"tags":[],"class_list":["post-10163","post","type-post","status-publish","format-standard","has-post-thumbnail","hentry","category-sin-categorizar"],"acf":[],"_links":{"self":[{"href":"https:\/\/oves-geeb.eus\/es\/wp-json\/wp\/v2\/posts\/10163","targetHints":{"allow":["GET"]}}],"collection":[{"href":"https:\/\/oves-geeb.eus\/es\/wp-json\/wp\/v2\/posts"}],"about":[{"href":"https:\/\/oves-geeb.eus\/es\/wp-json\/wp\/v2\/types\/post"}],"author":[{"embeddable":true,"href":"https:\/\/oves-geeb.eus\/es\/wp-json\/wp\/v2\/users\/3"}],"replies":[{"embeddable":true,"href":"https:\/\/oves-geeb.eus\/es\/wp-json\/wp\/v2\/comments?post=10163"}],"version-history":[{"count":1,"href":"https:\/\/oves-geeb.eus\/es\/wp-json\/wp\/v2\/posts\/10163\/revisions"}],"predecessor-version":[{"id":10167,"href":"https:\/\/oves-geeb.eus\/es\/wp-json\/wp\/v2\/posts\/10163\/revisions\/10167"}],"wp:featuredmedia":[{"embeddable":true,"href":"https:\/\/oves-geeb.eus\/es\/wp-json\/wp\/v2\/media\/10165"}],"wp:attachment":[{"href":"https:\/\/oves-geeb.eus\/es\/wp-json\/wp\/v2\/media?parent=10163"}],"wp:term":[{"taxonomy":"category","embeddable":true,"href":"https:\/\/oves-geeb.eus\/es\/wp-json\/wp\/v2\/categories?post=10163"},{"taxonomy":"post_tag","embeddable":true,"href":"https:\/\/oves-geeb.eus\/es\/wp-json\/wp\/v2\/tags?post=10163"}],"curies":[{"name":"wp","href":"https:\/\/api.w.org\/{rel}","templated":true}]}}